{"id":10120,"date":"2021-12-24T10:49:40","date_gmt":"2021-12-24T09:49:40","guid":{"rendered":"https:\/\/www.kp.sik.si\/?p=10120"},"modified":"2021-12-24T10:49:40","modified_gmt":"2021-12-24T09:49:40","slug":"la-prima-del-film-sedon-let-la-visita-di-babbo-natale-e-la-rimemorazione-dellinventore-della-scrittura-per-non-vedenti","status":"publish","type":"post","link":"https:\/\/ankaran.kp.sik.si\/it\/2021\/12\/la-prima-del-film-sedon-let-la-visita-di-babbo-natale-e-la-rimemorazione-dellinventore-della-scrittura-per-non-vedenti\/","title":{"rendered":"La prima del film &#8220;Sedon let&#8221;, la visita di Babbo Natale e la rimemorazione dell&#8217;inventore della scrittura per non vedenti"},"content":{"rendered":"<p><strong>Nella Biblioteca centrale Sre\u010dko Vilhar Capodistria, gli ultimi eventi dell&#8217;anno che sta finendo sono stati la visita Babbo Natale, che ha rallegrato i bambini della Biblioteca dei Ragazzi e l&#8217;anteprima del cortometraggio &#8220;Sedon let&#8221;. Entreremo nel nuovo anno ricordando la nascita di Louis Braille.<\/strong><\/p>\n<p><strong>Magia, conscio, inconscio e leggende istriane<\/strong><\/p>\n<p>&#8220;Sedon let&#8221; \u00e8 un cortometraggio sperimentale surrealista intriso di mitologia istriana e delle sue pittoresche creature. \u00c8 stato prodotto da Ur\u0161ka Brada\u0161kja e si ispira all&#8217;opera teatrale &#8220;\u0160trigolija&#8221;, in cui la mitologia istriana incontra la lotta interiore dell&#8217;individuo e l&#8217;inconscio collettivo.<\/p>\n<p>Il film \u00e8 stato presentato in anteprima presso la Biblioteca centrale Sre\u010dko Vilhar il giorno del solstizio invernale, il giorno in cui la luce vince l&#8217;oscurit\u00e0. Il cortometraggio &#8220;Sedon let&#8221; parla della la lotta eterna tra il bene e il male, la lotta con le proprie paure tra il mondo conscio e quello inconscio. L&#8217;autrice del film, Ur\u0161ka Brada\u0161kja, ci ha raccontato di aver trovato lo spunto per i suoi personaggi nelle leggende che da secoli agitano l&#8217;immaginazione degli istriani. \u00c8 interessante notare che i personaggi sono stati creati parallelamente alla musica, che \u00e8 il principale elemento di collegamento nel film.<\/p>\n<p><img loading=\"lazy\" class=\"aligncenter wp-image-10087 size-large\" src=\"https:\/\/www.kp.sik.si\/wp-content\/uploads\/2021\/12\/269620378_4592498427513406_936256344262902912_n-1024x577.jpg\" alt=\"\" width=\"1024\" height=\"577\" srcset=\"https:\/\/ankaran.kp.sik.si\/wp-content\/uploads\/2021\/12\/269620378_4592498427513406_936256344262902912_n-1024x577.jpg 1024w, https:\/\/ankaran.kp.sik.si\/wp-content\/uploads\/2021\/12\/269620378_4592498427513406_936256344262902912_n-300x169.jpg 300w, https:\/\/ankaran.kp.sik.si\/wp-content\/uploads\/2021\/12\/269620378_4592498427513406_936256344262902912_n-768x433.jpg 768w, https:\/\/ankaran.kp.sik.si\/wp-content\/uploads\/2021\/12\/269620378_4592498427513406_936256344262902912_n-1536x865.jpg 1536w, https:\/\/ankaran.kp.sik.si\/wp-content\/uploads\/2021\/12\/269620378_4592498427513406_936256344262902912_n-830x468.jpg 830w, https:\/\/ankaran.kp.sik.si\/wp-content\/uploads\/2021\/12\/269620378_4592498427513406_936256344262902912_n-940x530.jpg 940w, https:\/\/ankaran.kp.sik.si\/wp-content\/uploads\/2021\/12\/269620378_4592498427513406_936256344262902912_n.jpg 1640w\" sizes=\"(max-width: 1024px) 100vw, 1024px\" \/><\/p>\n<p><em>&#8220;Gli usi e costumi istriani e specialmente le leggende istriane sono stati studiati a fondo. I personaggi sono stati creati insieme al musicologo Dario Maru\u0161i\u0107, un esperto conoscitore della musica tradizionale istriana e friulana che da etnomusicologo e musicista da oltre quarant&#8217;anni studia, esegue e preserva instancabilmente il patrimonio musicale della pi\u00f9 ampia regione istriana. Le idee sono nate da sole, in sintonia con i ritmi musicali che ha estratto da vari strumenti&#8221;, ci ha raccontato Ur\u0161ka Brada\u0161kja.<\/em><\/p>\n<p>Il film \u00e8 particolare anche perch\u00e9, ad eccezione di alcune inquadrature, \u00e8 stato girato interamente con la luce naturale, il che significa che gli autori hanno dovuto inseguire le prime ore dell&#8217;alba quando la luce \u00e8 pi\u00f9 adatta per riprendere.<\/p>\n<p>La sceneggiatura e la regia del cortometraggio &#8220;Sedon let&#8221; sono stati curati da Ur\u0161ka Brada\u0161kja, che ha ricoperto in maniera magistrale anche il ruolo della protagonista principale. Le riprese e il montaggio sono opera di Ajda Zupan, la musica \u00e8 di Dario Maru\u0161i\u010d mentre i costumi delle creature mitologiche sono di Oxana Rosandi\u010d. Oltre a Ur\u0161ka Brada\u0161kja, il film \u00e8 stato interpretato anche da Janez Ohnjec, Janja Sukljan e Manca Dorrer.<\/p>\n<p><strong>Babbo Natale ha incontrato i bambini<\/strong><\/p>\n<p>Dicembre in biblioteca si \u00e8 concluso con la visita di Babbo Natale, che ha rallegrato con doni i piccoli lettori della Biblioteca dei Ragazzi. Prima di richiamarlo ad alta voce, i bambini sono stati introdotti nel magico mondo di Natale dalla Signora Natale (Nives Andri\u010d) e dalla sua aiutante nana (Tina Sara\u017ein) con due racconti: Come zio riccio ha portato i regali ai suoi amici e Come Babbo Natale \u00e8 diventato Babbo Natale.<\/p>\n<p><img loading=\"lazy\" class=\"aligncenter wp-image-10084 size-full\" src=\"https:\/\/www.kp.sik.si\/wp-content\/uploads\/2021\/12\/265608059_3112758685711810_7528592600450759644_n.jpg\" alt=\"\" width=\"720\" height=\"960\" srcset=\"https:\/\/ankaran.kp.sik.si\/wp-content\/uploads\/2021\/12\/265608059_3112758685711810_7528592600450759644_n.jpg 720w, https:\/\/ankaran.kp.sik.si\/wp-content\/uploads\/2021\/12\/265608059_3112758685711810_7528592600450759644_n-225x300.jpg 225w\" sizes=\"(max-width: 720px) 100vw, 720px\" \/><\/p>\n<p><strong>Capodanno ricordando la nascita di Louis Braille<\/strong><\/p>\n<p>Nella settimana in cui commemoriamo la nascita di Louis Braille, l&#8217;inventore della scrittura per ciechi, il 5 gennaio 2022, alle ore 18, siete invitati alla presentazione del libro di Sonja Pungertnik &#8220;<em>Misli\u0161 resno? Ljubezen v odtenku druga\u010dnosti.&#8221;<\/em> L&#8217;intervista con l&#8217;autrice e professoressa di educazione speciale sar\u00e0 condotta da Aksinja Kermauner.<\/p>\n<p>Dal catalogo dell&#8217;editrice Mohorjeva Dru\u017eba, dove il romanzo \u00e8 stato ristampato per la seconda volta, riportiamo quanto segue: <em>\u201cLa storia della cieca Sara, dei suoi desideri giovanili, \u00e8 scritta in un modo sottile, brillante e coinvolgente che rende difficile abbandonare la lettura finch\u00e9 non si \u00e8 arrivati all&#8217;ultima pagina. Il lettore vedente \u00e8 introdotto nel mondo delle tenebre dove, sorprendentemente, troviamo i desideri umani pi\u00f9 comuni: essere ascoltati, capiti, accettati, amati\u201d.<\/em><\/p>\n<p>Il romanzo <em>&#8220;Misli\u0161 resno? Ljubezen v odtenku druga\u010dnosti&#8221;<\/em> sar\u00e0 acquistabile in occasione della presentazione organizzata dall&#8217;Associazione Intercomunale dei Ciechi e degli Ipovedenti di Nova Gorica. L&#8217;evento sar\u00e0 co-organizzato dalla Facolt\u00e0 di Pedagogia dell&#8217;Universit\u00e0 del Litorale e si svolger\u00e0 nella sala lettura Fulvia Tomizza della Biblioteca centrale Sre\u010dko Vilhar Capodistria in via Calegaria 22 a Capodistria.<\/p>\n<p>La Biblioteca centrale Sre\u010dko Vilhar Capodistria augura a tutti Buon Natale e un felice Anno Nuovo!<\/p>\n","protected":false},"excerpt":{"rendered":"<p>Nella Biblioteca centrale Sre\u010dko Vilhar Capodistria, gli ultimi eventi dell&#8217;anno che sta finendo sono stati la visita Babbo Natale, che ha rallegrato i bambini della Biblioteca dei Ragazzi e l&#8217;anteprima [&hellip;]<\/p>\n","protected":false},"author":7,"featured_media":10081,"comment_status":"open","ping_status":"open","sticky":false,"template":"","format":"standard","meta":[],"categories":[49],"tags":[],"acf":[],"_links":{"self":[{"href":"https:\/\/ankaran.kp.sik.si\/it\/wp-json\/wp\/v2\/posts\/10120"}],"collection":[{"href":"https:\/\/ankaran.kp.sik.si\/it\/wp-json\/wp\/v2\/posts"}],"about":[{"href":"https:\/\/ankaran.kp.sik.si\/it\/wp-json\/wp\/v2\/types\/post"}],"author":[{"embeddable":true,"href":"https:\/\/ankaran.kp.sik.si\/it\/wp-json\/wp\/v2\/users\/7"}],"replies":[{"embeddable":true,"href":"https:\/\/ankaran.kp.sik.si\/it\/wp-json\/wp\/v2\/comments?post=10120"}],"version-history":[{"count":1,"href":"https:\/\/ankaran.kp.sik.si\/it\/wp-json\/wp\/v2\/posts\/10120\/revisions"}],"predecessor-version":[{"id":10121,"href":"https:\/\/ankaran.kp.sik.si\/it\/wp-json\/wp\/v2\/posts\/10120\/revisions\/10121"}],"wp:featuredmedia":[{"embeddable":true,"href":"https:\/\/ankaran.kp.sik.si\/it\/wp-json\/wp\/v2\/media\/10081"}],"wp:attachment":[{"href":"https:\/\/ankaran.kp.sik.si\/it\/wp-json\/wp\/v2\/media?parent=10120"}],"wp:term":[{"taxonomy":"category","embeddable":true,"href":"https:\/\/ankaran.kp.sik.si\/it\/wp-json\/wp\/v2\/categories?post=10120"},{"taxonomy":"post_tag","embeddable":true,"href":"https:\/\/ankaran.kp.sik.si\/it\/wp-json\/wp\/v2\/tags?post=10120"}],"curies":[{"name":"wp","href":"https:\/\/api.w.org\/{rel}","templated":true}]}}