{"id":12997,"date":"2022-07-08T08:51:01","date_gmt":"2022-07-08T06:51:01","guid":{"rendered":"https:\/\/www.kp.sik.si\/?p=12997"},"modified":"2022-07-08T08:51:01","modified_gmt":"2022-07-08T06:51:01","slug":"sul-dialetto-la-stigmatizzazione-e-la-vita-dellaccademico-goran-filipi-con-la-dott-suzana-todorovic-e-la-dott-barbara-baloh","status":"publish","type":"post","link":"https:\/\/ankaran.kp.sik.si\/it\/2022\/07\/sul-dialetto-la-stigmatizzazione-e-la-vita-dellaccademico-goran-filipi-con-la-dott-suzana-todorovic-e-la-dott-barbara-baloh\/","title":{"rendered":"Sul dialetto, la stigmatizzazione e la vita dell&#8217;accademico Goran Filipi con la dott. Suzana Todorovic e la dott. Barbara Baloh"},"content":{"rendered":"<p><b><span lang=\"IT\">Marted\u00ec 5 luglio, la Biblioteca centrale Sre\u010dko Vilhar di Capodistria e il Golden Loggia Caffe &amp; Wine bar hanno ospitato la presentazione della monografia \u00bbKontaktna dialektologija na obmo\u010dju med Alpami in Jadranom\u00ab, condotta dalla dr. Suzana Todorovi\u0107 e dalla dott. Barbara Baloh.<\/span><\/b><\/p>\n<p><span lang=\"IT\">La presentazione della monografia,\u00a0<b>dedicata allo scomparso accademico Goran Filipi<\/b>, \u00e8 incentrata su un&#8217;analisi linguistica critica sincronica e storico-evolutiva dei dialetti sloveni, croati e romanzi. La parte centrale della monografia \u00e8 composta da 16 capitoli indipendenti, scritti da 20 illustri esperti provenienti da Slovenia, Croazia, Austria e Svizzera. Gli autori trattano questioni dialettali (dialetti sloveni, croati, romanzi): vocabolario dialettale, dialetti a contatto, intrecci interlinguistici, lessicografia dialettale, storia della lingua, etimologia, sociolinguistica e storia culturale.<\/span><\/p>\n<p><span lang=\"IT\">Durante la conversazione,\u00a0<b>la dott. Suzana Todorovi\u0107 e la dott. Barbara Baloh<\/b>\u00a0hanno anche affrontato quesiti dialettologici sempre attuali, quali il dialetto \u00e8 ancora vivo, perch\u00e9 gli immigrati di prima generazione non imparano la lingua slovena, perch\u00e9 gli anglicismi sono sempre pi\u00f9 presenti tra i giovani e come la stigmatizzazione del dialetto si riflette anche sul piano culturale. Oltre a un&#8217;interessante visione sul mondo dei dialetti e dopo aver conosciuto la vita dell\u2019accademico, gli spettatori hanno reso omaggio all&#8217;accademico Filipi con un fragoroso applauso.<\/span><\/p>\n","protected":false},"excerpt":{"rendered":"<p>Marted\u00ec 5 luglio, la Biblioteca centrale Sre\u010dko Vilhar di Capodistria e il Golden Loggia Caffe &amp; Wine bar hanno ospitato la presentazione della monografia \u00bbKontaktna dialektologija na obmo\u010dju med Alpami [&hellip;]<\/p>\n","protected":false},"author":7,"featured_media":12979,"comment_status":"open","ping_status":"open","sticky":false,"template":"","format":"standard","meta":[],"categories":[37],"tags":[],"acf":[],"_links":{"self":[{"href":"https:\/\/ankaran.kp.sik.si\/it\/wp-json\/wp\/v2\/posts\/12997"}],"collection":[{"href":"https:\/\/ankaran.kp.sik.si\/it\/wp-json\/wp\/v2\/posts"}],"about":[{"href":"https:\/\/ankaran.kp.sik.si\/it\/wp-json\/wp\/v2\/types\/post"}],"author":[{"embeddable":true,"href":"https:\/\/ankaran.kp.sik.si\/it\/wp-json\/wp\/v2\/users\/7"}],"replies":[{"embeddable":true,"href":"https:\/\/ankaran.kp.sik.si\/it\/wp-json\/wp\/v2\/comments?post=12997"}],"version-history":[{"count":1,"href":"https:\/\/ankaran.kp.sik.si\/it\/wp-json\/wp\/v2\/posts\/12997\/revisions"}],"predecessor-version":[{"id":12998,"href":"https:\/\/ankaran.kp.sik.si\/it\/wp-json\/wp\/v2\/posts\/12997\/revisions\/12998"}],"wp:featuredmedia":[{"embeddable":true,"href":"https:\/\/ankaran.kp.sik.si\/it\/wp-json\/wp\/v2\/media\/12979"}],"wp:attachment":[{"href":"https:\/\/ankaran.kp.sik.si\/it\/wp-json\/wp\/v2\/media?parent=12997"}],"wp:term":[{"taxonomy":"category","embeddable":true,"href":"https:\/\/ankaran.kp.sik.si\/it\/wp-json\/wp\/v2\/categories?post=12997"},{"taxonomy":"post_tag","embeddable":true,"href":"https:\/\/ankaran.kp.sik.si\/it\/wp-json\/wp\/v2\/tags?post=12997"}],"curies":[{"name":"wp","href":"https:\/\/api.w.org\/{rel}","templated":true}]}}