{"id":27884,"date":"2025-07-02T11:04:40","date_gmt":"2025-07-02T09:04:40","guid":{"rendered":"https:\/\/www.kp.sik.si\/?p=27884"},"modified":"2025-07-02T11:06:55","modified_gmt":"2025-07-02T09:06:55","slug":"poletni-urnik-od-1-julija-do-1-septembra-2025","status":"publish","type":"post","link":"https:\/\/ankaran.kp.sik.si\/it\/2025\/07\/poletni-urnik-od-1-julija-do-1-septembra-2025\/","title":{"rendered":"Orario estivo"},"content":{"rendered":"<p>Gentili utenti!<\/p>\n<p>Con oggi, marted\u00ec 1 luglio 2025, la Biblioteca centrale Sre\u010dko Vilhar Capodistria\u00a0<strong>passa all&#8217;orario estivo<\/strong>, che durer\u00e0\u00a0<strong>fino al 1 settembre<\/strong>.<\/p>\n<p><strong>A luglio le sedi di Markovec e Semedela non saranno operative<\/strong>. Ad agosto riapriranno secondo l&#8217;orario consueto. Il Reparto adulti e la Biblioteca dei Ragazzi saranno aperti dal luned\u00ec al venerd\u00ec dalle 7:00 alle 19:00.<\/p>\n<p>La\u00a0<strong>Biblioteca Ancarano\u00a0<\/strong>sar\u00e0 aperta nei mesi di luglio e agosto il luned\u00ec e marted\u00ec dalle 13:00 alle 19:00, e il mercoled\u00ec, gioved\u00ec e venerd\u00ec dalle 9:00 alle 15:00.\u00a0<strong>Tutti i reparti saranno chiusi il sabato<\/strong>.<\/p>\n","protected":false},"excerpt":{"rendered":"<p>Gentili utenti! Con oggi, marted\u00ec 1 luglio 2025, la Biblioteca centrale Sre\u010dko Vilhar Capodistria\u00a0passa all&#8217;orario estivo, che durer\u00e0\u00a0fino al 1 settembre. A luglio le sedi di Markovec e Semedela non [&hellip;]<\/p>\n","protected":false},"author":15,"featured_media":27886,"comment_status":"open","ping_status":"open","sticky":false,"template":"","format":"standard","meta":[],"categories":[37],"tags":[],"acf":[],"_links":{"self":[{"href":"https:\/\/ankaran.kp.sik.si\/it\/wp-json\/wp\/v2\/posts\/27884"}],"collection":[{"href":"https:\/\/ankaran.kp.sik.si\/it\/wp-json\/wp\/v2\/posts"}],"about":[{"href":"https:\/\/ankaran.kp.sik.si\/it\/wp-json\/wp\/v2\/types\/post"}],"author":[{"embeddable":true,"href":"https:\/\/ankaran.kp.sik.si\/it\/wp-json\/wp\/v2\/users\/15"}],"replies":[{"embeddable":true,"href":"https:\/\/ankaran.kp.sik.si\/it\/wp-json\/wp\/v2\/comments?post=27884"}],"version-history":[{"count":3,"href":"https:\/\/ankaran.kp.sik.si\/it\/wp-json\/wp\/v2\/posts\/27884\/revisions"}],"predecessor-version":[{"id":27893,"href":"https:\/\/ankaran.kp.sik.si\/it\/wp-json\/wp\/v2\/posts\/27884\/revisions\/27893"}],"wp:featuredmedia":[{"embeddable":true,"href":"https:\/\/ankaran.kp.sik.si\/it\/wp-json\/wp\/v2\/media\/27886"}],"wp:attachment":[{"href":"https:\/\/ankaran.kp.sik.si\/it\/wp-json\/wp\/v2\/media?parent=27884"}],"wp:term":[{"taxonomy":"category","embeddable":true,"href":"https:\/\/ankaran.kp.sik.si\/it\/wp-json\/wp\/v2\/categories?post=27884"},{"taxonomy":"post_tag","embeddable":true,"href":"https:\/\/ankaran.kp.sik.si\/it\/wp-json\/wp\/v2\/tags?post=27884"}],"curies":[{"name":"wp","href":"https:\/\/api.w.org\/{rel}","templated":true}]}}