{"id":28437,"date":"2025-09-17T14:31:16","date_gmt":"2025-09-17T12:31:16","guid":{"rendered":"https:\/\/www.kp.sik.si\/?p=28437"},"modified":"2025-09-17T14:31:41","modified_gmt":"2025-09-17T12:31:41","slug":"28437","status":"publish","type":"post","link":"https:\/\/ankaran.kp.sik.si\/it\/2025\/09\/28437\/","title":{"rendered":"Appuntamenti di settembre"},"content":{"rendered":"<p>Spettabili!<\/p>\n<p>Dopo la pausa estiva, la Biblioteca di Capodistria, inizia una nuova stagione di eventi e con la rubrica\u00a0<strong>Prossimamente in biblioteca\u00a0<\/strong>vi invita a partecipare agli eventi organizzati dal nostro ente o in collaborazione con associazioni affini.<\/p>\n<p class=\"v1v1mcePastedContent\">All&#8217;inizio del nuovo anno scolastico ci rivolgiamo in modo particolare ai nostri giovani visitatori. Per loro abbiamo preparato un\u00a0<a href=\"https:\/\/sik.us12.list-manage.com\/track\/click?u=0b02ec1a7ffbf4b2dfd225044&amp;id=6635145b9a&amp;e=c23d0a18ed\" target=\"_blank\" rel=\"noopener noreferrer\">video\u00a0<\/a>di presentazione, nel quale, con l&#8217;aiuto di atleti famosi e creatori di contenuti come\u00a0<strong>Jakob Nedoh<\/strong>,\u00a0<strong>Andreja Le\u0161ki\u00a0<\/strong>e\u00a0<strong>Marko \u017derjal<\/strong>, trasmettiamo il messaggio che in biblioteca sono sempre i benvenuti.<\/p>\n<h4><strong>Appuntamenti di settembre<\/strong><\/h4>\n<p>Nell&#8217;atrio della biblioteca, in Piazza Brolo 1, fino al 9 settembre, ospiteremo la\u00a0<strong>mostra grafica<\/strong><em><strong>\u00a0Exlibris<\/strong><\/em>,\u00a0curata da\u00a0<strong>Igor Longyka<\/strong>,\u00a0realizzata per l&#8217;80\u00b0 anniversario della morte dell&#8217;artista e professore\u00a0<strong>Sa\u0161a \u0160antel<\/strong>.<\/p>\n<p>&nbsp;<\/p>\n<p>\u0160antel fu un artista dai molteplici talenti: dipinse a olio, ad acquerello e grafica, disegn\u00f2 ritratti, illustr\u00f2 libri e, allo stesso tempo, compose musica e si esib\u00ec come violista. Tra il 1906 e il 1907 fu professore presso l&#8217;Istituto Magistrale di Capodistria, dove insegn\u00f2 insieme allo scrittore e poeta croato Vladimir Nazor. Fu l\u00ec che nacque la sua prima importante opera, le illustrazioni del famoso racconto Veli Jo\u017ee di Nazor.<\/p>\n<p>Molto importanti sono i suoi ex libris, piccole opere d&#8217;arte che creava per s\u00e9, la sua famiglia e i suoi amici. La mostra introdurr\u00e0 i visitatori a questo lato meno noto, ma estremamente prezioso, dell&#8217;arte di \u0160antel.<\/p>\n<p class=\"v1v1mcePastedContent\"><strong>Luned\u00ec 8 settembre<\/strong>, alle ore 11.00, si terr\u00e0 online la quarta lezione dell&#8217;<em><strong>Infoverzum<\/strong><\/em>\u00a0di quest&#8217;anno. Ascolteremo tre esperte di alfabetizzazione mediatica: la dott.ssa\u00a0<strong>Katja Koren O\u0161ljak<\/strong>, la dott.ssa\u00a0<strong>Sonja Merljak Zdovc\u00a0<\/strong>e la dott.ssa\u00a0<strong>Darja Tibaot Ciringer<\/strong>.<\/p>\n<p class=\"v1v1mcePastedContent\">In questa lezione di Infoverzum esploreremo come i giovani distinguono tra contenuti affidabili e ingannevoli, presenteremo il giornale online per bambini \u010casoris e uno strumento interattivo per l&#8217;educazione mediatica dei ragazzi, e rifletteremo sul fatto che il pensiero critico \u00e8 una responsabilit\u00e0 sociale, non solo una competenza individuale.<\/p>\n<p class=\"v1v1mcePastedContent\">L&#8217;evento avr\u00e0 una durata di 90 minuti, la partecipazione \u00e8 gratuita, ma \u00e8 necessaria l&#8217;iscrizione. Iscriviti al\u00a0<a href=\"https:\/\/sik.us12.list-manage.com\/track\/click?u=0b02ec1a7ffbf4b2dfd225044&amp;id=3edcb565b8&amp;e=c23d0a18ed\" target=\"_blank\" rel=\"noopener noreferrer\">LINK<\/a>\u00a0al sito. Per ulteriori informazioni:\u00a0<a>infoverzum@knjiznica-koper.si<\/a>.<\/p>\n<p><strong>Mercoled\u00ec 10 settembre<\/strong>, alle 17:30, presso la Biblioteca di Semedella si riunisce il\u00a0<strong>circolo di lettura\u00a0<\/strong><em><strong>\u010cas za eno \u0161torijo<\/strong>,<\/em>\u00a0guidato da\u00a0<strong>Ur\u0161a Skumavc<\/strong>. Questa volta leggeremo i libri di storia locale.<\/p>\n<p><strong>Luned\u00ec 15 settembre<\/strong>\u00a0alle ore 17.00, nell&#8217;atrio della biblioteca in Piazza Brolo 1, verr\u00e0 inaugurata\u00a0<strong>la mostra\u00a0<\/strong><em><strong>Viaggio nel mondo del caff\u00e8<\/strong><\/em>, curata dall&#8217;Associazione Museo del Caff\u00e8 (AMdC) di Trieste, depositaria e custode del patrimonio caffeicolo. Sar\u00e0 possibile ammirare una ricca collezione di strumenti, attrezzi e oggetti legati al mondo del caff\u00e8 in tutte le sue fasi e declinazioni. La mostra rappresenta un primo tentativo di presentazione complessiva del settore caffeicolo.<\/p>\n<p><strong>Gioved\u00ec 18 settembre<\/strong>, alle ore 11:00, il\u00a0<strong>circolo di lettura\u00a0<\/strong><em><strong>Chiacchierata Romantica<\/strong><\/em>, guidato da\u00a0<strong>Vanja Ro\u017eac\u00a0<\/strong>e\u00a0<strong>Andreja Franca<\/strong>, si riunir\u00e0 nuovamente nella Civica Sala di Lettura. Durante l&#8217;estate, i membri del circolo hanno letto libri di Paulo Coelho, Haruki Murakami e Kristin Hannah. Durante l&#8217;incontro, condivideranno i pensieri, le citazioni e i brani che pi\u00f9 li hanno colpito.<\/p>\n<p><strong>Marted\u00ec 23 settembre<\/strong>, alle ore 18:00, nella Civica Sala di Lettura, il Dott. Ric.\u00a0<strong>Salvator \u017ditko\u00a0<\/strong>presenter\u00e0 la\u00a0<strong>monografia scientifica\u00a0<\/strong><em><strong>Med Benetkami in Dunajem. Kulturna dedi\u0161\u010dina kot predmet nacionalnega presti\u017ea in istrske identitete<\/strong><\/em>, realizzata insieme alla Dott.ssa Ric.\u00a0<strong>Brigitta Mader<\/strong>.<\/p>\n<p>La monografia scientifica presenta un&#8217;analisi approfondita di come il patrimonio culturale in Istria e nell&#8217;area di confine adriatica \u00e8 stato utilizzato come strumento di influenza politica, prestigio nazionale e formazione dell&#8217;identit\u00e0 ideologica dall&#8217;epoca veneziana all&#8217;indipendenza della Slovenia.<\/p>\n<p>Con rigore storico e archeologico, gli autori descrivono i traslochi di opere d&#8217;arte, archivi e altri beni culturali tra paesi e regimi, dalla confisca di oggetti di valore durante l&#8217;Impero austro-ungarico e l&#8217;Italia fascista, alle complesse questioni della restituzione dopo la Seconda guerra mondiale fino all&#8217;indipendenza della Slovenia. Particolare attenzione \u00e8 rivolta al ruolo dei musei, delle istituzioni ecclesiastiche e degli archivi, nonch\u00e9 agli sforzi locali per la preservazione del patrimonio.<\/p>\n<p><strong>Mercoled\u00ec 24 settembre<\/strong>, alle 17:30, presso la Civica Sala di Lettura nuovo incontro dei membri del\u00a0<strong>club di lettura\u00a0<\/strong><em><strong>Moja majhna knji\u017ena polica<\/strong><\/em>, noto sui social media anche come\u00a0<em>My Little Bookshelf<\/em>, guidato da\u00a0<strong>Mia Franca<\/strong>. Il luogo ideale per gli amanti dei bestseller mondiali, le trame romantiche e i mondi fantasy e per condividere con gli altri le proprie riflessioni su quanto letto.<\/p>\n<p><strong>Gioved\u00ec 25 settembre<\/strong>, alle 10:30, presso la Casa di riposo Olmo torna il laboratorio mensile di\u00a0<em><strong>lettura ad alta voce<\/strong><\/em>, con cui aiutiamo a preservare le capacit\u00e0 mentali degli anziani.\u00a0<strong>Barbara Su\u0161elj\u00a0<\/strong>e\u00a0<strong>Ur\u0161a Skumavc<\/strong>, munite di libri, visiteranno gli anziani.<\/p>\n<p><strong>Sabato 27 settembre<\/strong>, alle 10:00, presso la Civica Sala di Lettura, prende il via il\u00a0<strong>laboratorio gratuito\u00a0<\/strong><em><strong>Mindfulness &#8211; Qui e Ora<\/strong><\/em>, condotto da\u00a0<strong>Maja Frencl \u017dvanut<\/strong>, psicologa laureata e psicoterapeuta cognitivo-comportamentale con certificazione europea.<\/p>\n<p>La mindfulness \u00e8 uno stato di presenza cosciente nel momento presente, in cui un individuo percepisce con attenzione e senza giudizio i propri pensieri, sentimenti e l&#8217;ambiente circostante. Si basa sull&#8217;accettazione e sull&#8217;attenzione focalizzata, che aiuta a ridurre lo stress, ad aumentare la concentrazione e ad aumentare la regolazione emotiva e la resilienza psicologica.<\/p>\n<p>Maja Frencl \u017dvanut ha lavorato presso la Clinica Psichiatrica di Osijek per quasi sette anni, ha partecipato a gruppi terapeutici e associazioni di supporto psicologico e oggi a Capodistria offre consulenza, psicoterapia e laboratori per bambini, adulti e genitori. \u00c8 convinta che ogni persona abbia una propria missione di vita. La partecipazione al laboratorio \u00e8 gratuita.<\/p>\n<p>Invitati!<\/p>\n","protected":false},"excerpt":{"rendered":"<p>Spettabili! Dopo la pausa estiva, la Biblioteca di Capodistria, inizia una nuova stagione di eventi e con la rubrica\u00a0Prossimamente in biblioteca\u00a0vi invita a partecipare agli eventi organizzati dal nostro ente [&hellip;]<\/p>\n","protected":false},"author":15,"featured_media":28438,"comment_status":"open","ping_status":"open","sticky":false,"template":"","format":"standard","meta":[],"categories":[49],"tags":[],"acf":[],"_links":{"self":[{"href":"https:\/\/ankaran.kp.sik.si\/it\/wp-json\/wp\/v2\/posts\/28437"}],"collection":[{"href":"https:\/\/ankaran.kp.sik.si\/it\/wp-json\/wp\/v2\/posts"}],"about":[{"href":"https:\/\/ankaran.kp.sik.si\/it\/wp-json\/wp\/v2\/types\/post"}],"author":[{"embeddable":true,"href":"https:\/\/ankaran.kp.sik.si\/it\/wp-json\/wp\/v2\/users\/15"}],"replies":[{"embeddable":true,"href":"https:\/\/ankaran.kp.sik.si\/it\/wp-json\/wp\/v2\/comments?post=28437"}],"version-history":[{"count":3,"href":"https:\/\/ankaran.kp.sik.si\/it\/wp-json\/wp\/v2\/posts\/28437\/revisions"}],"predecessor-version":[{"id":28443,"href":"https:\/\/ankaran.kp.sik.si\/it\/wp-json\/wp\/v2\/posts\/28437\/revisions\/28443"}],"wp:featuredmedia":[{"embeddable":true,"href":"https:\/\/ankaran.kp.sik.si\/it\/wp-json\/wp\/v2\/media\/28438"}],"wp:attachment":[{"href":"https:\/\/ankaran.kp.sik.si\/it\/wp-json\/wp\/v2\/media?parent=28437"}],"wp:term":[{"taxonomy":"category","embeddable":true,"href":"https:\/\/ankaran.kp.sik.si\/it\/wp-json\/wp\/v2\/categories?post=28437"},{"taxonomy":"post_tag","embeddable":true,"href":"https:\/\/ankaran.kp.sik.si\/it\/wp-json\/wp\/v2\/tags?post=28437"}],"curies":[{"name":"wp","href":"https:\/\/api.w.org\/{rel}","templated":true}]}}