{"id":29654,"date":"2025-11-07T13:54:53","date_gmt":"2025-11-07T12:54:53","guid":{"rendered":"https:\/\/www.kp.sik.si\/2025\/11\/07\/brezplacen-vpis-ob-tednu-splosnih-knjiznic\/"},"modified":"2025-11-07T13:54:53","modified_gmt":"2025-11-07T12:54:53","slug":"brezplacen-vpis-ob-tednu-splosnih-knjiznic","status":"publish","type":"post","link":"https:\/\/ankaran.kp.sik.si\/it\/2025\/11\/brezplacen-vpis-ob-tednu-splosnih-knjiznic\/","title":{"rendered":"Brezpla\u010den vpis ob tednu splo\u0161nih knji\u017enic"},"content":{"rendered":"<p style=\"text-align: center;\" data-start=\"415\" data-end=\"428\"><span style=\"font-size: 14pt;\"><strong>Spo\u0161tovani,<\/strong><\/span><\/p>\n<p style=\"text-align: center;\" data-start=\"430\" data-end=\"804\"><span style=\"font-size: 14pt;\">v Osrednji knji\u017enici Sre\u010dka Vilharja Koper se bomo tudi letos pridru\u017eili vseslovenski akciji, ki poteka v <strong>tednu splo\u0161nih knji\u017enic <\/strong>in omogo\u010da <strong data-start=\"523\" data-end=\"550\"><strong data-start=\"1047\" data-end=\"1076\">brezpla\u010dni vpis<\/strong> vsem <strong data-start=\"1084\" data-end=\"1098\">novim \u010dlanom<\/strong>\u00a0knji\u017enice<\/strong>.<\/span><\/p>\n<p style=\"text-align: center;\" data-start=\"430\" data-end=\"804\"><strong><span style=\"font-size: 14pt;\">Akcija brezpla\u010dnega vpisa se bo za\u010dela v ponedeljek, 17. novembra 2025, ob 7. uri in sklenila v \u010detrtek, 20. novembra 2025, ob 19. uri.<\/span><\/strong><\/p>\n<p style=\"text-align: center;\" data-start=\"430\" data-end=\"804\"><span style=\"font-size: 14pt;\">Vpis lahko opravite <strong><span style=\"color: #000000;\">osebno<\/span><\/strong> ali <span style=\"color: #000000;\"><strong><a style=\"color: #000000;\" href=\"https:\/\/plus.cobiss.net\/cobiss\/si\/sl\/user\/join\/aai\/sikkp)\">preko spleta<\/a> <\/strong><\/span><\/span><span style=\"font-size: 14pt;\">in si omogo\u010dite dostop do bogatega knji\u017eni\u010dnega gradiva in digitalnih vsebin. <\/span><\/p>\n<p style=\"text-align: center;\" data-start=\"430\" data-end=\"804\"><span style=\"font-size: 14pt;\">Brezpla\u010dno podalj\u0161anje obstoje\u010de \u010dlanarine v \u010dasu akcije ne velja.<\/span><\/p>\n<p data-start=\"430\" data-end=\"804\"><span style=\"font-size: 14pt;\">Med novimi \u010dlani, ki se bodo vpisali do \u010detrtka do 16. ure, bomo na <strong data-start=\"1735\" data-end=\"1777\">zaklju\u010dni prireditvi \u201cPrimorci beremo\u201d <\/strong>v <strong data-start=\"1798\" data-end=\"1860\">\u010detrtek, 20. novembra 2025, ob 18. uri v Gledali\u0161\u010du Koper <\/strong> iz\u017erebali pet dobitnikov prakti\u010dnih nagrad, ki jih bodo prevzeli ob naslednjem obisku v knji\u017enici.<\/span><\/p>\n<p data-start=\"430\" data-end=\"804\"><span style=\"font-size: 14pt;\">Vabimo vse, ki \u0161e niste \u010dlani na\u0161e knji\u017enice ali se po dalj\u0161em \u010dasu vra\u010date med knjige, da se nam pridru\u017eite. Z akcijo \u017eelimo poudariti pomen <strong data-start=\"1337\" data-end=\"1378\">bralne pismenosti, dostopnosti znanja<\/strong> in <strong data-start=\"1382\" data-end=\"1407\">vklju\u010dujo\u010de skupnosti<\/strong>, ki jo knji\u017enice gradijo \u017ee desetletja. \u010clanstvo v knji\u017enici odpira vrata v svet knjig, informacij, kulturnih dogodkov in sodobnih digitalnih orodij, ki spodbujajo u\u010denje, ustvarjalnost in kriti\u010dno razmi\u0161ljanje. Morda boste prav med na\u0161imi policami odkrili svojo naslednjo najljub\u0161o zgodbo, misel ali navdih. <\/span><\/p>\n<p data-start=\"430\" data-end=\"804\"><span style=\"font-size: 14pt;\">S tednom splo\u0161nih knji\u017enic knji\u017eni\u010darji po vsej dr\u017eavi opozarjamo na vlogo knji\u017enic kot pomembnih kulturnih in izobra\u017eevalnih ustanov. Knji\u017enice danes niso ve\u010d zgolj prostori izposoje knjig, temve\u010d odprta sredi\u0161\u010da znanja, kulture, ustvarjalnosti in dru\u017ebenega dialoga. Ob tej prilo\u017enosti v Knji\u017enico Koper ponovno vabimo vse, ki knjige razumejo kot prostor svobode in razumevanja sveta.<\/span><\/p>\n<p style=\"text-align: center;\" data-start=\"430\" data-end=\"804\"><span style=\"font-size: 14pt;\">Vabljeni k vpisu v knji\u017enico!<\/span><\/p>\n<p data-start=\"430\" data-end=\"804\">Letos so splo\u0161ne knji\u017enice izpeljale zanimivo raziskavo<span style=\"color: #333300;\"> <a style=\"color: #333300;\" href=\"http:\/\/chrome-extension:\/\/efaidnbmnnnibpcajpcglclefindmkaj\/https:\/\/www.knjiznice.si\/wp-content\/uploads\/2025\/10\/ZBDS_Merjenje-vpliva-splosnih-knjiznic.pdf\"><strong><span style=\"font-size: 12pt;\">Merjenje vpliva slovenskih splo\u0161nih knji\u017enic<\/span><\/strong><\/a>. Klikni in dodaj mnenje.<\/span><\/p>\n<p data-start=\"430\" data-end=\"804\">Takole pa smo zasedli trge in mesta v letu 2024 :<strong><span style=\"color: #333300;\"> <a style=\"color: #333300;\" href=\"https:\/\/www.youtube.com\/watch?v=UKOsa8Jr520\">Knji\u017eni\u010darski Flashmob 2024<\/a><\/span><\/strong><\/p>\n<p data-start=\"1305\" data-end=\"1621\">\n","protected":false},"excerpt":{"rendered":"<p>Spo\u0161tovani, v Osrednji knji\u017enici Sre\u010dka Vilharja Koper se bomo tudi letos pridru\u017eili vseslovenski akciji, ki poteka v tednu splo\u0161nih knji\u017enic in omogo\u010da brezpla\u010dni vpis vsem novim \u010dlanom\u00a0knji\u017enice. Akcija brezpla\u010dnega vpisa [&hellip;]<\/p>\n","protected":false},"author":15,"featured_media":29515,"comment_status":"closed","ping_status":"closed","sticky":false,"template":"","format":"standard","meta":[],"categories":[37],"tags":[],"acf":[],"_links":{"self":[{"href":"https:\/\/ankaran.kp.sik.si\/it\/wp-json\/wp\/v2\/posts\/29654"}],"collection":[{"href":"https:\/\/ankaran.kp.sik.si\/it\/wp-json\/wp\/v2\/posts"}],"about":[{"href":"https:\/\/ankaran.kp.sik.si\/it\/wp-json\/wp\/v2\/types\/post"}],"author":[{"embeddable":true,"href":"https:\/\/ankaran.kp.sik.si\/it\/wp-json\/wp\/v2\/users\/15"}],"replies":[{"embeddable":true,"href":"https:\/\/ankaran.kp.sik.si\/it\/wp-json\/wp\/v2\/comments?post=29654"}],"version-history":[{"count":0,"href":"https:\/\/ankaran.kp.sik.si\/it\/wp-json\/wp\/v2\/posts\/29654\/revisions"}],"wp:featuredmedia":[{"embeddable":true,"href":"https:\/\/ankaran.kp.sik.si\/it\/wp-json\/wp\/v2\/media\/29515"}],"wp:attachment":[{"href":"https:\/\/ankaran.kp.sik.si\/it\/wp-json\/wp\/v2\/media?parent=29654"}],"wp:term":[{"taxonomy":"category","embeddable":true,"href":"https:\/\/ankaran.kp.sik.si\/it\/wp-json\/wp\/v2\/categories?post=29654"},{"taxonomy":"post_tag","embeddable":true,"href":"https:\/\/ankaran.kp.sik.si\/it\/wp-json\/wp\/v2\/tags?post=29654"}],"curies":[{"name":"wp","href":"https:\/\/api.w.org\/{rel}","templated":true}]}}