{"id":30624,"date":"2026-01-13T15:37:41","date_gmt":"2026-01-13T14:37:41","guid":{"rendered":"https:\/\/www.kp.sik.si\/?p=30624"},"modified":"2026-01-13T15:38:25","modified_gmt":"2026-01-13T14:38:25","slug":"gennaio-in-biblioteca","status":"publish","type":"post","link":"https:\/\/ankaran.kp.sik.si\/it\/2026\/01\/gennaio-in-biblioteca\/","title":{"rendered":"Gennaio in biblioteca"},"content":{"rendered":"<p><span style=\"font-size: 14pt;\"><strong>Fino a venerd\u00ec 16 gennaio<\/strong>, atrio della Biblioteca di Capodistria: la <strong>mostra &#8220;Volti di devozione&#8221;<\/strong> presenta il gruppo fotografico dell\u2019Associazione <\/span><span style=\"font-size: 14pt;\">Morje presso l\u2019Universit\u00e0 della Terza Et\u00e0 di Isola, sotto la guida del mentore <strong>Remigio Gri\u017eoni\u010d<\/strong>.\u00a0<\/span><\/p>\n<p><span style=\"font-size: 14pt;\"><strong>Marted\u00ec 13 gennaio, alle ore 18:00<\/strong>, Civica Sala di Lettura: <strong>serata letteraria<\/strong> con la scrittrice <strong>Irena Svetek<\/strong>, <\/span><span style=\"font-size: 14pt;\">l\u2019autrice del romanzo &#8220;Tam, kjer cvetijo tulipani&#8221;.<\/span><\/p>\n<p><span style=\"font-size: 14pt;\"><strong>Gioved\u00ec 15 gennaio, alle ore 11:00<\/strong>, Civica Sala di Lettura: <strong>club di lettura &#8220;Chiacchierata Romantica&#8221;<\/strong>, <\/span><span style=\"font-size: 14pt;\">con Vanja Ro\u017eac e Andreja Franca sul libro &#8220;Iskanje lastne poti&#8221; dell\u2019autrice Malala Yousafzai.\u00a0<\/span><\/p>\n<p><span style=\"font-size: 14pt;\"><strong>Luned\u00ec 19 gennaio, alle ore 17.30<\/strong>, Biblioteca di Semedella: <strong>circolo di lettura<\/strong> &#8220;Tempo per una storia&#8221;, <\/span><span style=\"font-size: 14pt;\">guidato da Ur\u0161a Skumavc<\/span><\/p>\n<p><span style=\"font-size: 14pt;\"><strong>Luned\u00ec 19 gennaio, alle ore 18:00<\/strong>, Civica Sala di Lettura: incontro <strong>Hospickaf\u00e9 <\/strong><\/span><span style=\"font-size: 14pt;\">con l&#8217;ospite <strong>Sara Ahlin Doljak<\/strong>, autrice del libro &#8220;Da, \u017divljenje!&#8221;<\/span><\/p>\n<p><span style=\"font-size: 14pt;\"><strong>Gioved\u00ec 22 gennaio, alle ore 10:30<\/strong>, Casa di riposo Olmo: laboratorio mensile di <strong>\u00bbLettura ad alta voce\u00ab<\/strong>, <\/span><span style=\"font-size: 14pt;\">guidato da Barbara Su\u0161elj e Ur\u0161a Skumavc.\u00a0<\/span><\/p>\n<p><span style=\"font-size: 14pt;\"><strong>Marted\u00ec 27 gennaio, alle ore 19:00<\/strong>, Palazzo Pretorio: <strong>ciclo &#8220;Traduttori, nobili coautori&#8221;<\/strong> &#8211; <\/span><span style=\"font-size: 14pt;\">con la traduttrice Patrizia Raveggi dialogher\u00e0 Jasna \u010cebron.\u00a0<\/span><\/p>\n","protected":false},"excerpt":{"rendered":"<p>Fino a venerd\u00ec 16 gennaio, atrio della Biblioteca di Capodistria: la mostra &#8220;Volti di devozione&#8221; presenta il gruppo fotografico dell\u2019Associazione Morje presso l\u2019Universit\u00e0 della Terza Et\u00e0 di Isola, sotto la [&hellip;]<\/p>\n","protected":false},"author":20,"featured_media":30604,"comment_status":"closed","ping_status":"closed","sticky":false,"template":"","format":"standard","meta":[],"categories":[37],"tags":[],"acf":[],"_links":{"self":[{"href":"https:\/\/ankaran.kp.sik.si\/it\/wp-json\/wp\/v2\/posts\/30624"}],"collection":[{"href":"https:\/\/ankaran.kp.sik.si\/it\/wp-json\/wp\/v2\/posts"}],"about":[{"href":"https:\/\/ankaran.kp.sik.si\/it\/wp-json\/wp\/v2\/types\/post"}],"author":[{"embeddable":true,"href":"https:\/\/ankaran.kp.sik.si\/it\/wp-json\/wp\/v2\/users\/20"}],"replies":[{"embeddable":true,"href":"https:\/\/ankaran.kp.sik.si\/it\/wp-json\/wp\/v2\/comments?post=30624"}],"version-history":[{"count":2,"href":"https:\/\/ankaran.kp.sik.si\/it\/wp-json\/wp\/v2\/posts\/30624\/revisions"}],"predecessor-version":[{"id":30626,"href":"https:\/\/ankaran.kp.sik.si\/it\/wp-json\/wp\/v2\/posts\/30624\/revisions\/30626"}],"wp:featuredmedia":[{"embeddable":true,"href":"https:\/\/ankaran.kp.sik.si\/it\/wp-json\/wp\/v2\/media\/30604"}],"wp:attachment":[{"href":"https:\/\/ankaran.kp.sik.si\/it\/wp-json\/wp\/v2\/media?parent=30624"}],"wp:term":[{"taxonomy":"category","embeddable":true,"href":"https:\/\/ankaran.kp.sik.si\/it\/wp-json\/wp\/v2\/categories?post=30624"},{"taxonomy":"post_tag","embeddable":true,"href":"https:\/\/ankaran.kp.sik.si\/it\/wp-json\/wp\/v2\/tags?post=30624"}],"curies":[{"name":"wp","href":"https:\/\/api.w.org\/{rel}","templated":true}]}}