{"id":30687,"date":"2026-01-07T09:17:30","date_gmt":"2026-01-07T08:17:30","guid":{"rendered":"https:\/\/www.kp.sik.si\/2026\/01\/07\/knjiznicarji-priporocamo-52-knjig-ki-jih-morate-prebrati-v-letu-2026\/"},"modified":"2026-04-28T13:51:25","modified_gmt":"2026-04-28T11:51:25","slug":"knjiznicarji-priporocamo-52-knjig-ki-jih-morate-prebrati-v-letu-2026","status":"publish","type":"post","link":"https:\/\/ankaran.kp.sik.si\/it\/2026\/01\/knjiznicarji-priporocamo-52-knjig-ki-jih-morate-prebrati-v-letu-2026\/","title":{"rendered":"I BIBLIOTECARI RACCOMANDANO: 52 LIBRI DA LEGGERE NEL 2026"},"content":{"rendered":"\t\t<div data-elementor-type=\"wp-post\" data-elementor-id=\"30687\" class=\"elementor elementor-30687 elementor-30418\" data-elementor-settings=\"[]\">\n\t\t\t\t\t\t\t<div class=\"elementor-section-wrap\">\n\t\t\t\t\t\t\t<section class=\"elementor-section elementor-top-section elementor-element elementor-element-09cf468 elementor-section-boxed elementor-section-height-default elementor-section-height-default\" data-id=\"09cf468\" data-element_type=\"section\">\n\t\t\t\t\t\t<div class=\"elementor-container elementor-column-gap-default\">\n\t\t\t\t\t<div class=\"elementor-column elementor-col-100 elementor-top-column elementor-element elementor-element-43ff9e7\" data-id=\"43ff9e7\" data-element_type=\"column\">\n\t\t\t<div class=\"elementor-widget-wrap elementor-element-populated\">\n\t\t\t\t\t\t\t\t<div class=\"elementor-element elementor-element-c61f61d elementor-widget elementor-widget-text-editor\" data-id=\"c61f61d\" data-element_type=\"widget\" data-widget_type=\"text-editor.default\">\n\t\t\t\t<div class=\"elementor-widget-container\">\n\t\t\t\t\t\t\t<p><span style=\"font-size: 14pt;\">L\u2019elenco di letture consigliate:\u00a0<strong><em>52 libri da leggere nel 2026<\/em>\u00a0<\/strong>\u00e8 stato preparato dai bibliotecari per tutti i lettori e i visitatori della biblioteca. Perch\u00e9 proprio 52 titoli? Uno per ogni settimana dell\u2019anno. Ogni settimana uno dei bibliotecari vi presenter\u00e0 un nuovo libro, scelto tra i suoi titoli preferiti.<\/span><\/p><p><span style=\"font-size: 14pt;\">Questa sfida di lettura invita a scoprire libri di qualit\u00e0 che spesso passano inosservati tra le numerose novit\u00e0 editoriali. Nel Reparto adulti troverete i libri su uno scaffale dedicato, dove vi aspetteranno pronti per essere scelti. Li riconoscerete facilmente grazie all\u2019adesivo con il logo della nostra iniziativa di lettura.<\/span><\/p>\t\t\t\t\t\t<\/div>\n\t\t\t\t<\/div>\n\t\t\t\t\t<\/div>\n\t\t<\/div>\n\t\t\t\t\t\t\t<\/div>\n\t\t<\/section>\n\t\t\t\t<section class=\"elementor-section elementor-top-section elementor-element elementor-element-89907c0 elementor-section-boxed elementor-section-height-default elementor-section-height-default\" data-id=\"89907c0\" data-element_type=\"section\">\n\t\t\t\t\t\t<div class=\"elementor-container elementor-column-gap-default\">\n\t\t\t\t\t<div class=\"elementor-column elementor-col-100 elementor-top-column elementor-element elementor-element-ae4be20\" data-id=\"ae4be20\" data-element_type=\"column\">\n\t\t\t<div class=\"elementor-widget-wrap elementor-element-populated\">\n\t\t\t\t\t\t\t\t<div class=\"elementor-element elementor-element-937ab82 elementor-widget elementor-widget-text-editor\" data-id=\"937ab82\" data-element_type=\"widget\" data-widget_type=\"text-editor.default\">\n\t\t\t\t<div class=\"elementor-widget-container\">\n\t\t\t\t\t\t\t<p><span style=\"font-size: 14pt;\">In questa iniziativa non ci sono regole: potete leggere tutti e 52 i libri che vi proporremo nel corso dell\u2019anno oppure scegliere soltanto quello che sapr\u00e0 conquistarvi davvero. Selezioneremo per voi vere perle della narrativa, provenienti da epoche diverse, con un\u2019attenzione particolare alla variet\u00e0 dei generi. I titoli scelti saranno presentati di volta in volta sul nostro sito web, cos\u00ec potrete decidere liberamente quali libri prendere in mano o lasciarvi guidare dal consiglio del vostro bibliotecario preferito.&nbsp;<\/span><\/p>\t\t\t\t\t\t<\/div>\n\t\t\t\t<\/div>\n\t\t\t\t<div class=\"elementor-element elementor-element-c71e067 elementor-widget elementor-widget-spacer\" data-id=\"c71e067\" data-element_type=\"widget\" data-widget_type=\"spacer.default\">\n\t\t\t\t<div class=\"elementor-widget-container\">\n\t\t\t\t\t<div class=\"elementor-spacer\">\n\t\t\t<div class=\"elementor-spacer-inner\"><\/div>\n\t\t<\/div>\n\t\t\t\t<\/div>\n\t\t\t\t<\/div>\n\t\t\t\t\t<\/div>\n\t\t<\/div>\n\t\t\t\t\t\t\t<\/div>\n\t\t<\/section>\n\t\t\t\t<section class=\"elementor-section elementor-top-section elementor-element elementor-element-7e05a64 elementor-section-boxed elementor-section-height-default elementor-section-height-default\" data-id=\"7e05a64\" data-element_type=\"section\">\n\t\t\t\t\t\t<div class=\"elementor-container elementor-column-gap-default\">\n\t\t\t\t\t<div class=\"elementor-column elementor-col-100 elementor-top-column elementor-element elementor-element-18291ff\" data-id=\"18291ff\" data-element_type=\"column\">\n\t\t\t<div class=\"elementor-widget-wrap elementor-element-populated\">\n\t\t\t\t\t\t\t\t<div class=\"elementor-element elementor-element-88f3e51 elementor-widget elementor-widget-text-editor\" data-id=\"88f3e51\" data-element_type=\"widget\" data-widget_type=\"text-editor.default\">\n\t\t\t\t<div class=\"elementor-widget-container\">\n\t\t\t\t\t\t\t<p><strong>SEZNAM KNJIG:<\/strong><\/p>\t\t\t\t\t\t<\/div>\n\t\t\t\t<\/div>\n\t\t\t\t\t<\/div>\n\t\t<\/div>\n\t\t\t\t\t\t\t<\/div>\n\t\t<\/section>\n\t\t\t\t<section class=\"elementor-section elementor-top-section elementor-element elementor-element-469c81f elementor-section-boxed elementor-section-height-default elementor-section-height-default\" data-id=\"469c81f\" data-element_type=\"section\">\n\t\t\t\t\t\t<div class=\"elementor-container elementor-column-gap-default\">\n\t\t\t\t\t<div class=\"elementor-column elementor-col-100 elementor-top-column elementor-element elementor-element-773af29\" data-id=\"773af29\" data-element_type=\"column\">\n\t\t\t<div class=\"elementor-widget-wrap elementor-element-populated\">\n\t\t\t\t\t\t\t\t<div class=\"elementor-element elementor-element-859c4d4 elementor-widget elementor-widget-toggle\" data-id=\"859c4d4\" data-element_type=\"widget\" data-widget_type=\"toggle.default\">\n\t\t\t\t<div class=\"elementor-widget-container\">\n\t\t\t\t\t<div class=\"elementor-toggle\" role=\"tablist\">\n\t\t\t\t\t\t\t<div class=\"elementor-toggle-item\">\n\t\t\t\t\t<div id=\"elementor-tab-title-1401\" class=\"elementor-tab-title\" data-tab=\"1\" role=\"tab\" aria-controls=\"elementor-tab-content-1401\" aria-expanded=\"false\">\n\t\t\t\t\t\t\t\t\t\t\t\t<span class=\"elementor-toggle-icon elementor-toggle-icon-left\" aria-hidden=\"true\">\n\t\t\t\t\t\t\t\t\t\t\t\t\t\t\t<span class=\"elementor-toggle-icon-closed\"><i class=\"fas fa-caret-right\"><\/i><\/span>\n\t\t\t\t\t\t\t\t<span class=\"elementor-toggle-icon-opened\"><i class=\"elementor-toggle-icon-opened fas fa-caret-up\"><\/i><\/span>\n\t\t\t\t\t\t\t\t\t\t\t\t\t<\/span>\n\t\t\t\t\t\t\t\t\t\t\t\t<a href=\"\" class=\"elementor-toggle-title\">15. ANDREJA RACCOMANDA: \u017divijo, lepotica \/ Ann Napolitano<\/a>\n\t\t\t\t\t<\/div>\n\n\t\t\t\t\t<div id=\"elementor-tab-content-1401\" class=\"elementor-tab-content elementor-clearfix\" data-tab=\"1\" role=\"tabpanel\" aria-labelledby=\"elementor-tab-title-1401\"><p><img loading=\"lazy\" class=\"size-medium wp-image-32887 alignleft\" src=\"https:\/\/www.kp.sik.si\/wp-content\/uploads\/2026\/04\/zivijo-lepotica-1-275x388-1-213x300.jpg\" alt=\"\" width=\"213\" height=\"300\" srcset=\"https:\/\/ankaran.kp.sik.si\/wp-content\/uploads\/2026\/04\/zivijo-lepotica-1-275x388-1-213x300.jpg 213w, https:\/\/ankaran.kp.sik.si\/wp-content\/uploads\/2026\/04\/zivijo-lepotica-1-275x388-1.jpg 275w\" sizes=\"(max-width: 213px) 100vw, 213px\" \/>Un libro che ti assorbe completamente e ti lascia con quel nodo alla gola, dolce ma al tempo stesso leggermente doloroso. La storia ci conduce nella vita di quattro sorelle inseparabili, le Padavano, piene di vitalit\u00e0, finch\u00e9 nella loro famiglia entra il riservato William Waters. Non \u00e8 solo un racconto d\u2019amore, ma soprattutto uno studio profondo dei legami familiari, dei rancori e del perdono. L\u2019autrice mostra magistralmente come una singola decisione o un segreto possano cambiare per decenni la dinamica tra coloro che si amano di pi\u00f9. Il libro \u00e8 al tempo stesso straziante e ricco di speranza.<\/p><p style=\"text-align: right;\"><a href=\"https:\/\/plus.cobiss.net\/cobiss\/si\/sl\/search\/cobib\/command?c=Williams\/AX+AND+Stoner\/TI&amp;q=Napolitano\/AX+AND+%C5%BDivijo\/TI&amp;lib=sikkp\" target=\"_blank\" rel=\"noopener\">COBISS+<\/a><\/p><p style=\"text-align: right;\"><a href=\"https:\/\/www.dobreknjige.si\/knjige\/zivijo-lepotica\/\">Dobre knjige<\/a><\/p><\/div>\n\t\t\t\t<\/div>\n\t\t\t\t\t\t\t<div class=\"elementor-toggle-item\">\n\t\t\t\t\t<div id=\"elementor-tab-title-1402\" class=\"elementor-tab-title\" data-tab=\"2\" role=\"tab\" aria-controls=\"elementor-tab-content-1402\" aria-expanded=\"false\">\n\t\t\t\t\t\t\t\t\t\t\t\t<span class=\"elementor-toggle-icon elementor-toggle-icon-left\" aria-hidden=\"true\">\n\t\t\t\t\t\t\t\t\t\t\t\t\t\t\t<span class=\"elementor-toggle-icon-closed\"><i class=\"fas fa-caret-right\"><\/i><\/span>\n\t\t\t\t\t\t\t\t<span class=\"elementor-toggle-icon-opened\"><i class=\"elementor-toggle-icon-opened fas fa-caret-up\"><\/i><\/span>\n\t\t\t\t\t\t\t\t\t\t\t\t\t<\/span>\n\t\t\t\t\t\t\t\t\t\t\t\t<a href=\"\" class=\"elementor-toggle-title\">15. ANA RACCOMANDA: Moja mama ve, kaj se dogaja v mestu \/ Radmila Petrovi\u0107<\/a>\n\t\t\t\t\t<\/div>\n\n\t\t\t\t\t<div id=\"elementor-tab-content-1402\" class=\"elementor-tab-content elementor-clearfix\" data-tab=\"2\" role=\"tabpanel\" aria-labelledby=\"elementor-tab-title-1402\"><p><span style=\"font-weight: 400;\"><img loading=\"lazy\" class=\"size-medium wp-image-32875 alignleft\" src=\"https:\/\/www.kp.sik.si\/wp-content\/uploads\/2026\/04\/moja-mama-210x300.webp\" alt=\"\" width=\"210\" height=\"300\" srcset=\"https:\/\/ankaran.kp.sik.si\/wp-content\/uploads\/2026\/04\/moja-mama-210x300.webp 210w, https:\/\/ankaran.kp.sik.si\/wp-content\/uploads\/2026\/04\/moja-mama-717x1024.webp 717w, https:\/\/ankaran.kp.sik.si\/wp-content\/uploads\/2026\/04\/moja-mama-768x1096.webp 768w, https:\/\/ankaran.kp.sik.si\/wp-content\/uploads\/2026\/04\/moja-mama-940x1342.webp 940w, https:\/\/ankaran.kp.sik.si\/wp-content\/uploads\/2026\/04\/moja-mama.webp 1681w\" sizes=\"(max-width: 210px) 100vw, 210px\" \/>La poetessa serba \u00e8 considerata una delle giovani poetesse di maggior successo dell&#8217;ex Jugoslavia. Nella sua raccolta di poesie &#8220;Mia madre sa cosa succede nelle citt\u00e0&#8221;, esplora la crescita di una donna in campagna, scrivendo di dolorosi segreti familiari, patriarcato e violenza. Anche quando si trasferisce in citt\u00e0, non riesce a sfuggire alle sue radici, il che rende le sue poesie al tempo stesso tragiche e coraggiose.<\/span><\/p><p>\u00a0<\/p><p>\u00a0<\/p><p>\u00a0<\/p><p>\u00a0<\/p><p>\u00a0<\/p><p style=\"text-align: right;\"><a href=\"https:\/\/plus.cobiss.net\/cobiss\/si\/sl\/search\/cobib\/command?c=Williams\/AX+AND+Stoner\/TI&amp;q=Petrovi%C4%87\/AX+AND+Moja+mama\/TI&amp;lib=sikkp\" target=\"_blank\" rel=\"noopener\">COBISS+<\/a><\/p><\/div>\n\t\t\t\t<\/div>\n\t\t\t\t\t\t\t<div class=\"elementor-toggle-item\">\n\t\t\t\t\t<div id=\"elementor-tab-title-1403\" class=\"elementor-tab-title\" data-tab=\"3\" role=\"tab\" aria-controls=\"elementor-tab-content-1403\" aria-expanded=\"false\">\n\t\t\t\t\t\t\t\t\t\t\t\t<span class=\"elementor-toggle-icon elementor-toggle-icon-left\" aria-hidden=\"true\">\n\t\t\t\t\t\t\t\t\t\t\t\t\t\t\t<span class=\"elementor-toggle-icon-closed\"><i class=\"fas fa-caret-right\"><\/i><\/span>\n\t\t\t\t\t\t\t\t<span class=\"elementor-toggle-icon-opened\"><i class=\"elementor-toggle-icon-opened fas fa-caret-up\"><\/i><\/span>\n\t\t\t\t\t\t\t\t\t\t\t\t\t<\/span>\n\t\t\t\t\t\t\t\t\t\t\t\t<a href=\"\" class=\"elementor-toggle-title\">15. ALEX RACCOMANDA: To no\u010d sem jo videl \/ Drago Jan\u010dar<\/a>\n\t\t\t\t\t<\/div>\n\n\t\t\t\t\t<div id=\"elementor-tab-content-1403\" class=\"elementor-tab-content elementor-clearfix\" data-tab=\"3\" role=\"tabpanel\" aria-labelledby=\"elementor-tab-title-1403\"><p><span style=\"font-weight: 400;\"><img loading=\"lazy\" class=\"size-medium wp-image-32441 alignleft\" src=\"https:\/\/www.kp.sik.si\/wp-content\/uploads\/2026\/04\/jancar-184x300.gif\" alt=\"\" width=\"184\" height=\"300\" \/>La storia ruota attorno alla misteriosa scomparsa della bella e carismatica Veronika Zarnik durante la Seconda guerra mondiale. Veronika viene conosciuta attraverso le testimonianze di cinque persone che la conoscevano. Ogni narratore presenta la propria storia su Veronika, e cos\u00ec la verit\u00e0 sulla sua vita viene gradualmente svelata attraverso diversi punti di vista.<\/span><\/p><p style=\"text-align: right;\"><a href=\"https:\/\/plus.cobiss.net\/cobiss\/si\/sl\/search\/cobib\/command?c=Williams\/AX+AND+Stoner\/TI&amp;q=Jan%C4%8Dar\/AX+AND+To+no%C4%8D\/TI&amp;lib=sikkp\" target=\"_blank\" rel=\"noopener\">COBISS+<\/a><\/p><p style=\"text-align: right;\"><a href=\"https:\/\/www.dobreknjige.si\/knjige\/to-noc-sem-jo-videl\/\">Dobre knjige<\/a><\/p><\/div>\n\t\t\t\t<\/div>\n\t\t\t\t\t\t\t<div class=\"elementor-toggle-item\">\n\t\t\t\t\t<div id=\"elementor-tab-title-1404\" class=\"elementor-tab-title\" data-tab=\"4\" role=\"tab\" aria-controls=\"elementor-tab-content-1404\" aria-expanded=\"false\">\n\t\t\t\t\t\t\t\t\t\t\t\t<span class=\"elementor-toggle-icon elementor-toggle-icon-left\" aria-hidden=\"true\">\n\t\t\t\t\t\t\t\t\t\t\t\t\t\t\t<span class=\"elementor-toggle-icon-closed\"><i class=\"fas fa-caret-right\"><\/i><\/span>\n\t\t\t\t\t\t\t\t<span class=\"elementor-toggle-icon-opened\"><i class=\"elementor-toggle-icon-opened fas fa-caret-up\"><\/i><\/span>\n\t\t\t\t\t\t\t\t\t\t\t\t\t<\/span>\n\t\t\t\t\t\t\t\t\t\t\t\t<a href=\"\" class=\"elementor-toggle-title\">14. ANA RACCOMANDA: Il nero e l'argento \/ Paolo Giordano<\/a>\n\t\t\t\t\t<\/div>\n\n\t\t\t\t\t<div id=\"elementor-tab-content-1404\" class=\"elementor-tab-content elementor-clearfix\" data-tab=\"4\" role=\"tabpanel\" aria-labelledby=\"elementor-tab-title-1404\"><p><span style=\"font-weight: 400;\"><img loading=\"lazy\" class=\"size-medium wp-image-32324 alignleft\" src=\"https:\/\/www.kp.sik.si\/wp-content\/uploads\/2026\/04\/crnina-in-srebro-1-206x300.jpg\" alt=\"\" width=\"206\" height=\"300\" srcset=\"https:\/\/ankaran.kp.sik.si\/wp-content\/uploads\/2026\/04\/crnina-in-srebro-1-206x300.jpg 206w, https:\/\/ankaran.kp.sik.si\/wp-content\/uploads\/2026\/04\/crnina-in-srebro-1.jpg 411w\" sizes=\"(max-width: 206px) 100vw, 206px\" \/>Il romanzo segue tre donne della stessa famiglia: un&#8217;antenata accusata di stregoneria; Violet, che vive in una rigida famiglia patriarcale e la giovane Kate, che riesce a sfuggire al suo compagno violento e a vivere una vita libera. Sebbene le loro storie siano ambientate in periodi storici molto diversi, i modelli di oppressione si ripetono. La fonte di potere posseduta da tutte e tre le componenti va oltre le pressioni e le ingiustizie esterne.<\/span><\/p><p style=\"text-align: right;\"><a href=\"https:\/\/plus.cobiss.net\/cobiss\/si\/sl\/search\/cobib\/command?c=Williams\/AX+AND+Stoner\/TI&amp;q=Giordano\/AX+AND+%C4%8Crnina\/TI&amp;lib=sikkp\" target=\"_blank\" rel=\"noopener\">COBISS+<\/a><\/p><p style=\"text-align: right;\"><a href=\"https:\/\/www.dobreknjige.si\/knjige\/crnina-in-srebro\/\">Dobre knjige<\/a><\/p><\/div>\n\t\t\t\t<\/div>\n\t\t\t\t\t\t\t<div class=\"elementor-toggle-item\">\n\t\t\t\t\t<div id=\"elementor-tab-title-1405\" class=\"elementor-tab-title\" data-tab=\"5\" role=\"tab\" aria-controls=\"elementor-tab-content-1405\" aria-expanded=\"false\">\n\t\t\t\t\t\t\t\t\t\t\t\t<span class=\"elementor-toggle-icon elementor-toggle-icon-left\" aria-hidden=\"true\">\n\t\t\t\t\t\t\t\t\t\t\t\t\t\t\t<span class=\"elementor-toggle-icon-closed\"><i class=\"fas fa-caret-right\"><\/i><\/span>\n\t\t\t\t\t\t\t\t<span class=\"elementor-toggle-icon-opened\"><i class=\"elementor-toggle-icon-opened fas fa-caret-up\"><\/i><\/span>\n\t\t\t\t\t\t\t\t\t\t\t\t\t<\/span>\n\t\t\t\t\t\t\t\t\t\t\t\t<a href=\"\" class=\"elementor-toggle-title\">13. ANA RACCOMANDA: Wayward \/ Emilia Hart<\/a>\n\t\t\t\t\t<\/div>\n\n\t\t\t\t\t<div id=\"elementor-tab-content-1405\" class=\"elementor-tab-content elementor-clearfix\" data-tab=\"5\" role=\"tabpanel\" aria-labelledby=\"elementor-tab-title-1405\"><p><img loading=\"lazy\" class=\"size-medium wp-image-32144 alignleft\" src=\"https:\/\/www.kp.sik.si\/wp-content\/uploads\/2026\/03\/vesce-275x443-1-186x300.jpg\" alt=\"\" width=\"186\" height=\"300\" srcset=\"https:\/\/ankaran.kp.sik.si\/wp-content\/uploads\/2026\/03\/vesce-275x443-1-186x300.jpg 186w, https:\/\/ankaran.kp.sik.si\/wp-content\/uploads\/2026\/03\/vesce-275x443-1.jpg 275w\" sizes=\"(max-width: 186px) 100vw, 186px\" \/><span style=\"font-weight: 400;\">Il romanzo segue tre donne della stessa famiglia: un&#8217;antenata accusata di stregoneria; Violet, che vive in una rigida famiglia patriarcale e la giovane Kate, che riesce a sfuggire al suo compagno violento e a vivere una vita libera. Sebbene le loro storie siano ambientate in periodi storici molto diversi, i modelli di oppressione si ripetono. La fonte di potere posseduta da tutte e tre le componenti va oltre le pressioni e le ingiustizie esterne.<\/span><\/p><p style=\"text-align: right;\"><a href=\"https:\/\/plus.cobiss.net\/cobiss\/si\/sl\/search\/cobib\/command?q=hart\/AX+AND+ve%C5%A1%C4%8De\/TI&amp;lib=sikkp\" target=\"_blank\" rel=\"noopener\">COBISS+<\/a><\/p><p style=\"text-align: right;\"><a href=\"https:\/\/www.dobreknjige.si\/knjige\/vesce\/\">Dobre knjige<\/a><\/p><\/div>\n\t\t\t\t<\/div>\n\t\t\t\t\t\t\t<div class=\"elementor-toggle-item\">\n\t\t\t\t\t<div id=\"elementor-tab-title-1406\" class=\"elementor-tab-title\" data-tab=\"6\" role=\"tab\" aria-controls=\"elementor-tab-content-1406\" aria-expanded=\"false\">\n\t\t\t\t\t\t\t\t\t\t\t\t<span class=\"elementor-toggle-icon elementor-toggle-icon-left\" aria-hidden=\"true\">\n\t\t\t\t\t\t\t\t\t\t\t\t\t\t\t<span class=\"elementor-toggle-icon-closed\"><i class=\"fas fa-caret-right\"><\/i><\/span>\n\t\t\t\t\t\t\t\t<span class=\"elementor-toggle-icon-opened\"><i class=\"elementor-toggle-icon-opened fas fa-caret-up\"><\/i><\/span>\n\t\t\t\t\t\t\t\t\t\t\t\t\t<\/span>\n\t\t\t\t\t\t\t\t\t\t\t\t<a href=\"\" class=\"elementor-toggle-title\">12. MARTIN RACCOMANDA: Eden \/ Lem Stanis\u0142aw<\/a>\n\t\t\t\t\t<\/div>\n\n\t\t\t\t\t<div id=\"elementor-tab-content-1406\" class=\"elementor-tab-content elementor-clearfix\" data-tab=\"6\" role=\"tabpanel\" aria-labelledby=\"elementor-tab-title-1406\"><p><img loading=\"lazy\" class=\"size-medium wp-image-32103 alignleft\" src=\"https:\/\/www.kp.sik.si\/wp-content\/uploads\/2026\/03\/phoca_thumb_l_1982-TZS-Slovenia-e1769789100689-205x300.jpg\" alt=\"\" width=\"205\" height=\"300\" srcset=\"https:\/\/ankaran.kp.sik.si\/wp-content\/uploads\/2026\/03\/phoca_thumb_l_1982-TZS-Slovenia-e1769789100689-205x300.jpg 205w, https:\/\/ankaran.kp.sik.si\/wp-content\/uploads\/2026\/03\/phoca_thumb_l_1982-TZS-Slovenia-e1769789100689.jpg 313w\" sizes=\"(max-width: 205px) 100vw, 205px\" \/>Un romanzo proto-fantascientifico che descrive l&#8217;avventura interplanetaria alla Robinson Crusoe di un equipaggio di sei persone a bordo di un razzo che, a causa di un errore di calcolo, precipita sul pianeta Eden, ancora in gran parte inesplorato.<\/p><p>Il team concentra quindi tutti i suoi sforzi sulla riparazione del razzo, un processo che si rivela laborioso e lungo, complicato dalla densa atmosfera del pianeta e da altri inconvenienti, poich\u00e9 Eden \u00e8 abitato da &#8220;doppi&#8221;, esseri umanoidi con cui non riescono a comunicare, nonostante il loro sincero desiderio di stabilire un contatto.<\/p><p>Eden \u00e8 uno dei primi libri di Stanislav Lem sul contatto dell&#8217;umanit\u00e0 con un&#8217;altra civilt\u00e0, motivo per cui lo stesso autore non lo apprezzava. Ciononostante, il romanzo fornisce importanti indicazioni per gli scrittori di fantascienza; tratta di &#8220;nanotecnologia&#8221; e altre tecnologie avanzate che oggi fanno parte della vita quotidiana, ma che un tempo erano solo frutto dell&#8217;immaginazione.<\/p><p style=\"text-align: right;\"><a href=\"https:\/\/plus.cobiss.net\/cobiss\/si\/sl\/search\/cobib\/command?q=lem\/AX+AND+eden\/TI&amp;lib=sikkp\" target=\"_blank\" rel=\"noopener\">COBISS+<\/a><\/p><p style=\"text-align: right;\"><a href=\"https:\/\/www.dobreknjige.si\/knjige\/eden\/\">Dobre knjige<\/a><\/p><\/div>\n\t\t\t\t<\/div>\n\t\t\t\t\t\t\t<div class=\"elementor-toggle-item\">\n\t\t\t\t\t<div id=\"elementor-tab-title-1407\" class=\"elementor-tab-title\" data-tab=\"7\" role=\"tab\" aria-controls=\"elementor-tab-content-1407\" aria-expanded=\"false\">\n\t\t\t\t\t\t\t\t\t\t\t\t<span class=\"elementor-toggle-icon elementor-toggle-icon-left\" aria-hidden=\"true\">\n\t\t\t\t\t\t\t\t\t\t\t\t\t\t\t<span class=\"elementor-toggle-icon-closed\"><i class=\"fas fa-caret-right\"><\/i><\/span>\n\t\t\t\t\t\t\t\t<span class=\"elementor-toggle-icon-opened\"><i class=\"elementor-toggle-icon-opened fas fa-caret-up\"><\/i><\/span>\n\t\t\t\t\t\t\t\t\t\t\t\t\t<\/span>\n\t\t\t\t\t\t\t\t\t\t\t\t<a href=\"\" class=\"elementor-toggle-title\">11. ANA RACCOMANDA: Stoner \/ John WIlliams<\/a>\n\t\t\t\t\t<\/div>\n\n\t\t\t\t\t<div id=\"elementor-tab-content-1407\" class=\"elementor-tab-content elementor-clearfix\" data-tab=\"7\" role=\"tabpanel\" aria-labelledby=\"elementor-tab-title-1407\"><p>\u00a0<\/p><p><img loading=\"lazy\" class=\"size-medium wp-image-32002 alignleft\" src=\"https:\/\/www.kp.sik.si\/wp-content\/uploads\/2026\/03\/23451-190x300.jpg\" alt=\"\" width=\"190\" height=\"300\" srcset=\"https:\/\/ankaran.kp.sik.si\/wp-content\/uploads\/2026\/03\/23451-190x300.jpg 190w, https:\/\/ankaran.kp.sik.si\/wp-content\/uploads\/2026\/03\/23451.jpg 500w\" sizes=\"(max-width: 190px) 100vw, 190px\" \/>John Williams: Stoner<\/p><p>Il romanzo descrive fedelmente la vita del professor William Stoner, che da ragazzo di campagna del Missouri si trasforma in un professore di letteratura. Lo scoppio della guerra influenza solo brevemente la sua vita, che inizia a costruire insieme a Edith, una donna ferita e non abituata all&#8217;amore. Stoner cerca di trovare momenti di felicit\u00e0 e appagamento nel lavoro e nella vita, ma le sue illusioni giovanili si scontrano con la realt\u00e0 del mondo adulto, dove ogni azione ha delle conseguenze.<\/p><p style=\"text-align: right;\"><a href=\"https:\/\/plus.cobiss.net\/cobiss\/si\/sl\/search\/cobib\/command?q=williams\/AX+AND+stoner\/TI&amp;lib=sikkp\" target=\"_blank\" rel=\"noopener\">COBISS+<\/a><\/p><p style=\"text-align: right;\"><a href=\"https:\/\/www.dobreknjige.si\/knjige\/stoner\/\">Dobre knjige<\/a><\/p><\/div>\n\t\t\t\t<\/div>\n\t\t\t\t\t\t\t<div class=\"elementor-toggle-item\">\n\t\t\t\t\t<div id=\"elementor-tab-title-1408\" class=\"elementor-tab-title\" data-tab=\"8\" role=\"tab\" aria-controls=\"elementor-tab-content-1408\" aria-expanded=\"false\">\n\t\t\t\t\t\t\t\t\t\t\t\t<span class=\"elementor-toggle-icon elementor-toggle-icon-left\" aria-hidden=\"true\">\n\t\t\t\t\t\t\t\t\t\t\t\t\t\t\t<span class=\"elementor-toggle-icon-closed\"><i class=\"fas fa-caret-right\"><\/i><\/span>\n\t\t\t\t\t\t\t\t<span class=\"elementor-toggle-icon-opened\"><i class=\"elementor-toggle-icon-opened fas fa-caret-up\"><\/i><\/span>\n\t\t\t\t\t\t\t\t\t\t\t\t\t<\/span>\n\t\t\t\t\t\t\t\t\t\t\t\t<a href=\"\" class=\"elementor-toggle-title\">10. ANDREJA RACCOMANDA: La campana di vetro \/ Sylvia Plath <\/a>\n\t\t\t\t\t<\/div>\n\n\t\t\t\t\t<div id=\"elementor-tab-content-1408\" class=\"elementor-tab-content elementor-clearfix\" data-tab=\"8\" role=\"tabpanel\" aria-labelledby=\"elementor-tab-title-1408\"><p><img loading=\"lazy\" class=\"size-medium wp-image-31931 alignleft\" src=\"https:\/\/www.kp.sik.si\/wp-content\/uploads\/2026\/03\/70471-275x454-1-182x300.gif\" alt=\"\" width=\"182\" height=\"300\" \/><\/p><p><span style=\"font-weight: 400;\">Il racconto \u00e8 strettamente legato alla vita della poetessa Sylvia Plath, che visse all&#8217;ombra del suo pi\u00f9 famoso marito, Ted Hughes. Il suo unico romanzo, &#8220;La campana di vetro&#8221;, divenne famoso solo dopo il suo suicidio. Gli eventi narrati nel romanzo \u2013 dal tirocinio a New York al ricovero in ospedale psichiatrico \u2013 riflettono le sue esperienze personali.<\/span><\/p><p><span style=\"font-weight: 400;\">La protagonista Esther descrive la sua depressione come se vivesse sotto una campana di vetro, dove l&#8217;aria \u00e8 stantia e il mondo \u00e8 distorto. Sebbene veda altre persone vivere &#8220;normalmente&#8221;, lei stessa \u00e8 intrappolata nel vuoto della sua stessa ansia. Il libro solleva diverse questioni sulla pressione e le aspettative dell&#8217;ambiente su un individuo, che ne influenzano la salute mentale.<\/span><\/p><p style=\"text-align: right;\"><a href=\"https:\/\/plus.cobiss.net\/cobiss\/si\/sl\/search\/cobib\/results?q=au%3DPlath*%20and%20ti%3DStekleni*&amp;lib=sikkp\" target=\"_blank\" rel=\"noopener\">COBISS+<\/a><\/p><p style=\"text-align: right;\"><a href=\"https:\/\/www.dobreknjige.si\/knjige\/stekleni-zvon\/\">Dobre knjige<\/a><\/p><\/div>\n\t\t\t\t<\/div>\n\t\t\t\t\t\t\t<div class=\"elementor-toggle-item\">\n\t\t\t\t\t<div id=\"elementor-tab-title-1409\" class=\"elementor-tab-title\" data-tab=\"9\" role=\"tab\" aria-controls=\"elementor-tab-content-1409\" aria-expanded=\"false\">\n\t\t\t\t\t\t\t\t\t\t\t\t<span class=\"elementor-toggle-icon elementor-toggle-icon-left\" aria-hidden=\"true\">\n\t\t\t\t\t\t\t\t\t\t\t\t\t\t\t<span class=\"elementor-toggle-icon-closed\"><i class=\"fas fa-caret-right\"><\/i><\/span>\n\t\t\t\t\t\t\t\t<span class=\"elementor-toggle-icon-opened\"><i class=\"elementor-toggle-icon-opened fas fa-caret-up\"><\/i><\/span>\n\t\t\t\t\t\t\t\t\t\t\t\t\t<\/span>\n\t\t\t\t\t\t\t\t\t\t\t\t<a href=\"\" class=\"elementor-toggle-title\">9. ANA RACCOMANDA: Guida il tuo carro sulle ossa dei morti \/ Olga Tokarczuk<\/a>\n\t\t\t\t\t<\/div>\n\n\t\t\t\t\t<div id=\"elementor-tab-content-1409\" class=\"elementor-tab-content elementor-clearfix\" data-tab=\"9\" role=\"tabpanel\" aria-labelledby=\"elementor-tab-title-1409\"><p>\u00a0<\/p><p><img loading=\"lazy\" class=\"size-medium wp-image-31657 alignleft\" src=\"https:\/\/www.kp.sik.si\/wp-content\/uploads\/2026\/03\/3641-208x300.jpg\" alt=\"\" width=\"208\" height=\"300\" srcset=\"https:\/\/ankaran.kp.sik.si\/wp-content\/uploads\/2026\/03\/3641-208x300.jpg 208w, https:\/\/ankaran.kp.sik.si\/wp-content\/uploads\/2026\/03\/3641.jpg 500w\" sizes=\"(max-width: 208px) 100vw, 208px\" \/>L&#8217;introversa Janina Du\u0161ejko vive in fredda solitudine vicino al confine ceco. Nel tempo libero, si batte per i diritti degli animali, legge di astrologia, insegna e traduce le poesie di William Blake. L&#8217;atmosfera della sua vita quotidiana diventa sempre pi\u00f9 tesa e cupa quando, oltre ai frequenti litigi con la comunit\u00e0 di cacciatori locale, Janina si ritrova coinvolta a risolvere gli omicidi che avvengono nella sua zona. La sua tesi: gli assassini sono gli animali.<\/p><p style=\"text-align: right;\"><a href=\"https:\/\/plus.cobiss.net\/cobiss\/si\/sl\/search\/cobib\/results?q=au%3DTokarczuk*%20and%20ti%3DPelji*&amp;lib=sikkp\" target=\"_blank\" rel=\"noopener\">COBISS+<\/a><\/p><p style=\"text-align: right;\"><a href=\"https:\/\/www.dobreknjige.si\/knjige\/pelji-svoj-plug-cez-kosti-mrtvih\/\">Dobre knjige<\/a><\/p><\/div>\n\t\t\t\t<\/div>\n\t\t\t\t\t\t\t<div class=\"elementor-toggle-item\">\n\t\t\t\t\t<div id=\"elementor-tab-title-14010\" class=\"elementor-tab-title\" data-tab=\"10\" role=\"tab\" aria-controls=\"elementor-tab-content-14010\" aria-expanded=\"false\">\n\t\t\t\t\t\t\t\t\t\t\t\t<span class=\"elementor-toggle-icon elementor-toggle-icon-left\" aria-hidden=\"true\">\n\t\t\t\t\t\t\t\t\t\t\t\t\t\t\t<span class=\"elementor-toggle-icon-closed\"><i class=\"fas fa-caret-right\"><\/i><\/span>\n\t\t\t\t\t\t\t\t<span class=\"elementor-toggle-icon-opened\"><i class=\"elementor-toggle-icon-opened fas fa-caret-up\"><\/i><\/span>\n\t\t\t\t\t\t\t\t\t\t\t\t\t<\/span>\n\t\t\t\t\t\t\t\t\t\t\t\t<a href=\"\" class=\"elementor-toggle-title\">8. ANA RACCOMANDA: Tre donne \/ Lisa Taddeo<\/a>\n\t\t\t\t\t<\/div>\n\n\t\t\t\t\t<div id=\"elementor-tab-content-14010\" class=\"elementor-tab-content elementor-clearfix\" data-tab=\"10\" role=\"tabpanel\" aria-labelledby=\"elementor-tab-title-14010\"><p><img loading=\"lazy\" class=\"size-medium wp-image-31492 alignleft\" src=\"https:\/\/www.kp.sik.si\/wp-content\/uploads\/2026\/02\/p_17303-26967-TRI-ZENSKE-Trda-vezava-e1769776070897-200x300.jpg\" alt=\"\" width=\"200\" height=\"300\" srcset=\"https:\/\/ankaran.kp.sik.si\/wp-content\/uploads\/2026\/02\/p_17303-26967-TRI-ZENSKE-Trda-vezava-e1769776070897-200x300.jpg 200w, https:\/\/ankaran.kp.sik.si\/wp-content\/uploads\/2026\/02\/p_17303-26967-TRI-ZENSKE-Trda-vezava-e1769776070897-400x600.jpg 400w, https:\/\/ankaran.kp.sik.si\/wp-content\/uploads\/2026\/02\/p_17303-26967-TRI-ZENSKE-Trda-vezava-e1769776070897-230x345.jpg 230w, https:\/\/ankaran.kp.sik.si\/wp-content\/uploads\/2026\/02\/p_17303-26967-TRI-ZENSKE-Trda-vezava-e1769776070897.jpg 648w\" sizes=\"(max-width: 200px) 100vw, 200px\" \/><\/p><p>Met\u00e0 romanzo e met\u00e0 ricerca sociologica, il racconto segue le vite di tre donne i cui desideri e passioni hanno conseguenze disastrose per le loro vite, solitamente peggiori di quelle degli uomini che frequentano.<\/p><p style=\"text-align: right;\"><a href=\"https:\/\/plus.cobiss.net\/cobiss\/si\/sl\/search\/cobib\/results?q=au%3DTaddeo*%20and%20ti%3DTri%20%C5%BEenske*&amp;lib=sikkp\" target=\"_blank\" rel=\"noopener\">COBISS+<\/a><\/p><p style=\"text-align: right;\"><a href=\"https:\/\/www.dobreknjige.si\/knjige\/tri-zenske\/\">Dobre knjige<\/a><\/p><\/div>\n\t\t\t\t<\/div>\n\t\t\t\t\t\t\t<div class=\"elementor-toggle-item\">\n\t\t\t\t\t<div id=\"elementor-tab-title-14011\" class=\"elementor-tab-title\" data-tab=\"11\" role=\"tab\" aria-controls=\"elementor-tab-content-14011\" aria-expanded=\"false\">\n\t\t\t\t\t\t\t\t\t\t\t\t<span class=\"elementor-toggle-icon elementor-toggle-icon-left\" aria-hidden=\"true\">\n\t\t\t\t\t\t\t\t\t\t\t\t\t\t\t<span class=\"elementor-toggle-icon-closed\"><i class=\"fas fa-caret-right\"><\/i><\/span>\n\t\t\t\t\t\t\t\t<span class=\"elementor-toggle-icon-opened\"><i class=\"elementor-toggle-icon-opened fas fa-caret-up\"><\/i><\/span>\n\t\t\t\t\t\t\t\t\t\t\t\t\t<\/span>\n\t\t\t\t\t\t\t\t\t\t\t\t<a href=\"\" class=\"elementor-toggle-title\">7. MARTIN RACCOMANDA: Lettere a Nora \/ James Joyce<\/a>\n\t\t\t\t\t<\/div>\n\n\t\t\t\t\t<div id=\"elementor-tab-content-14011\" class=\"elementor-tab-content elementor-clearfix\" data-tab=\"11\" role=\"tabpanel\" aria-labelledby=\"elementor-tab-title-14011\"><p><img loading=\"lazy\" class=\"size-medium wp-image-31406 alignleft\" src=\"https:\/\/www.kp.sik.si\/wp-content\/uploads\/2026\/02\/pismanori-207x300.jpg\" alt=\"\" width=\"207\" height=\"300\" srcset=\"https:\/\/ankaran.kp.sik.si\/wp-content\/uploads\/2026\/02\/pismanori-207x300.jpg 207w, https:\/\/ankaran.kp.sik.si\/wp-content\/uploads\/2026\/02\/pismanori.jpg 483w\" sizes=\"(max-width: 207px) 100vw, 207px\" \/><\/p><p>Le lettere iniziano con la data del 15 giugno 1904 e conducono il lettore dall&#8217;iniziale corteggiamento spirituale di Joyce, verso l&#8217;esplorazione della profondit\u00e0 spirituale dell&#8217;amore, dell&#8217;uomo geloso e dubbioso, che si trasforma in un essere orgiastico e passionale, &#8220;spinto dall&#8217;irrequietezza e dall&#8217;ambizione creativa di nuove e nuove ricerche&#8221;. (\u010cander, 128)<\/p><p style=\"text-align: right;\"><a href=\"https:\/\/plus.cobiss.net\/cobiss\/si\/sl\/search\/cobib\/results?q=au%3DJoyce*%20and%20ti%3DPisma*&amp;lib=sikkp\" target=\"_blank\" rel=\"noopener\">COBISS+<\/a><\/p><\/div>\n\t\t\t\t<\/div>\n\t\t\t\t\t\t\t<div class=\"elementor-toggle-item\">\n\t\t\t\t\t<div id=\"elementor-tab-title-14012\" class=\"elementor-tab-title\" data-tab=\"12\" role=\"tab\" aria-controls=\"elementor-tab-content-14012\" aria-expanded=\"false\">\n\t\t\t\t\t\t\t\t\t\t\t\t<span class=\"elementor-toggle-icon elementor-toggle-icon-left\" aria-hidden=\"true\">\n\t\t\t\t\t\t\t\t\t\t\t\t\t\t\t<span class=\"elementor-toggle-icon-closed\"><i class=\"fas fa-caret-right\"><\/i><\/span>\n\t\t\t\t\t\t\t\t<span class=\"elementor-toggle-icon-opened\"><i class=\"elementor-toggle-icon-opened fas fa-caret-up\"><\/i><\/span>\n\t\t\t\t\t\t\t\t\t\t\t\t\t<\/span>\n\t\t\t\t\t\t\t\t\t\t\t\t<a href=\"\" class=\"elementor-toggle-title\">6. VANJA RACCOMANDA: Jack London \/ Il lupo di mare<\/a>\n\t\t\t\t\t<\/div>\n\n\t\t\t\t\t<div id=\"elementor-tab-content-14012\" class=\"elementor-tab-content elementor-clearfix\" data-tab=\"12\" role=\"tabpanel\" aria-labelledby=\"elementor-tab-title-14012\"><p><img loading=\"lazy\" class=\"size-full wp-image-31291 alignleft\" src=\"https:\/\/www.kp.sik.si\/wp-content\/uploads\/2026\/02\/Morski-volk-275x413-1.jpg\" alt=\"\" width=\"180\" height=\"287\" \/>Il protagonista principale, Humphrey Van Weyden, un colto critico letterario, vive una vita agiata e protetta. All&#8217;inizio del romanzo, naufraga e viene salvato da un peschereccio per la caccia al tonno chiamato Spirit. La nave \u00e8 governata dal crudele e carismatico capitano Wolf Larsen il quale crede che la vita sia una lotta in cui solo i pi\u00f9 forti sopravvivono e governa la nave con terrore e violenza.<\/p><p style=\"text-align: right;\"><a href=\"https:\/\/plus.cobiss.net\/cobiss\/si\/sl\/search\/cobib\/results?q=au%3DLondon%2C%20Jack*%20and%20ti%3DMorski%20volk*&amp;lib=sikkp&amp;cof=105f-a\" target=\"_blank\" rel=\"noopener\">COBISS+<\/a><\/p><p style=\"text-align: right;\"><a href=\"https:\/\/www.dobreknjige.si\/knjige\/morski-volk\/\" target=\"_blank\" rel=\"noopener\">Dobre knjige<\/a><\/p><\/div>\n\t\t\t\t<\/div>\n\t\t\t\t\t\t\t<div class=\"elementor-toggle-item\">\n\t\t\t\t\t<div id=\"elementor-tab-title-14013\" class=\"elementor-tab-title\" data-tab=\"13\" role=\"tab\" aria-controls=\"elementor-tab-content-14013\" aria-expanded=\"false\">\n\t\t\t\t\t\t\t\t\t\t\t\t<span class=\"elementor-toggle-icon elementor-toggle-icon-left\" aria-hidden=\"true\">\n\t\t\t\t\t\t\t\t\t\t\t\t\t\t\t<span class=\"elementor-toggle-icon-closed\"><i class=\"fas fa-caret-right\"><\/i><\/span>\n\t\t\t\t\t\t\t\t<span class=\"elementor-toggle-icon-opened\"><i class=\"elementor-toggle-icon-opened fas fa-caret-up\"><\/i><\/span>\n\t\t\t\t\t\t\t\t\t\t\t\t\t<\/span>\n\t\t\t\t\t\t\t\t\t\t\t\t<a href=\"\" class=\"elementor-toggle-title\">5. ANA RACCOMANDA: A proposito di mia figlia \/ Kim Hye-Jin <\/a>\n\t\t\t\t\t<\/div>\n\n\t\t\t\t\t<div id=\"elementor-tab-content-14013\" class=\"elementor-tab-content elementor-clearfix\" data-tab=\"13\" role=\"tabpanel\" aria-labelledby=\"elementor-tab-title-14013\"><p>\u00a0<\/p><p><img loading=\"lazy\" class=\"size-medium wp-image-31051 alignleft\" src=\"https:\/\/www.kp.sik.si\/wp-content\/uploads\/2026\/02\/121551-275x384-1-215x300.gif\" alt=\"\" width=\"215\" height=\"300\" \/>Durante la lettura, seguiamo il rapporto tra madre e figlia. La madre desidera pi\u00f9 di ogni altra cosa che la figlia incontri un uomo che si prenda cura di lei. La figlia, invece, vive come desidera, lavorando all&#8217;universit\u00e0 e in relazione con un&#8217;altra donna. Quando lei e la sua partner devono trovare un nuovo posto dove vivere, si trasferisce temporaneamente dalla madre. Seguendo la figlia e accudendo i morenti, la madre si rende conto che forse gli accordi sociali usuali non sono (gli unici) corretti.<\/p><p style=\"text-align: right;\"><a href=\"https:\/\/plus.cobiss.net\/cobiss\/si\/sl\/search\/cobib\/results?q=au%3DHye-Jin*%20and%20ti%3DMoja*&amp;lib=sikkp\">COBISS+<\/a><\/p><p style=\"text-align: right;\"><a href=\"https:\/\/www.dobreknjige.si\/knjige\/moja-hci\/\" target=\"_blank\" rel=\"noopener\">Dobre knjige<\/a><\/p><\/div>\n\t\t\t\t<\/div>\n\t\t\t\t\t\t\t<div class=\"elementor-toggle-item\">\n\t\t\t\t\t<div id=\"elementor-tab-title-14014\" class=\"elementor-tab-title\" data-tab=\"14\" role=\"tab\" aria-controls=\"elementor-tab-content-14014\" aria-expanded=\"false\">\n\t\t\t\t\t\t\t\t\t\t\t\t<span class=\"elementor-toggle-icon elementor-toggle-icon-left\" aria-hidden=\"true\">\n\t\t\t\t\t\t\t\t\t\t\t\t\t\t\t<span class=\"elementor-toggle-icon-closed\"><i class=\"fas fa-caret-right\"><\/i><\/span>\n\t\t\t\t\t\t\t\t<span class=\"elementor-toggle-icon-opened\"><i class=\"elementor-toggle-icon-opened fas fa-caret-up\"><\/i><\/span>\n\t\t\t\t\t\t\t\t\t\t\t\t\t<\/span>\n\t\t\t\t\t\t\t\t\t\t\t\t<a href=\"\" class=\"elementor-toggle-title\">4. ANA RACCOMANDA: Vem har sagt n\u00e5got om k\u00e4rlek? \/ Elaf Ali<\/a>\n\t\t\t\t\t<\/div>\n\n\t\t\t\t\t<div id=\"elementor-tab-content-14014\" class=\"elementor-tab-content elementor-clearfix\" data-tab=\"14\" role=\"tabpanel\" aria-labelledby=\"elementor-tab-title-14014\"><p>\u00a0<\/p><p><img loading=\"lazy\" class=\"size-medium wp-image-30929 alignleft\" src=\"https:\/\/www.kp.sik.si\/wp-content\/uploads\/2026\/01\/13bb4b-elaf-ali-ovitek-tisk-001@w1200-196x300.jpeg\" alt=\"\" width=\"196\" height=\"300\" srcset=\"https:\/\/ankaran.kp.sik.si\/wp-content\/uploads\/2026\/01\/13bb4b-elaf-ali-ovitek-tisk-001@w1200-196x300.jpeg 196w, https:\/\/ankaran.kp.sik.si\/wp-content\/uploads\/2026\/01\/13bb4b-elaf-ali-ovitek-tisk-001@w1200-669x1024.jpeg 669w, https:\/\/ankaran.kp.sik.si\/wp-content\/uploads\/2026\/01\/13bb4b-elaf-ali-ovitek-tisk-001@w1200-768x1176.jpeg 768w, https:\/\/ankaran.kp.sik.si\/wp-content\/uploads\/2026\/01\/13bb4b-elaf-ali-ovitek-tisk-001@w1200.jpeg 784w\" sizes=\"(max-width: 196px) 100vw, 196px\" \/><\/p><p>Quando la famiglia dell\u2019autrice si trasferisce dall\u2019Iraq alla Svezia, la vita di tutti i suoi membri cambia drasticamente. Una famiglia in precedenza liberale, aperta e attiva, nel tentativo di proteggersi dall\u2019influenza dell\u2019Occidente si orienta verso rigide norme morali, che finiscono per colpire soprattutto la figlia adolescente Ali.<\/p><p>La narrazione del romanzo \u00e8 a tratti interrotta da dati statistici sui femminicidi, sui delitti d\u2019onore e su altre atrocit\u00e0 che accompagnano la crescita di una ragazza all\u2019interno della fede islamica. Inoltre, nel corso della lettura seguiamo l\u2019intervista dell\u2019autrice al padre, che riflette sul proprio comportamento in Svezia e se ne pente.<\/p><p style=\"text-align: right;\"><a href=\"https:\/\/plus.cobiss.net\/cobiss\/si\/sl\/search\/cobib\/results?q=au%3D%20ali*%20and%20ti%3Dkdo%20govori*&amp;lib=sikkp\">COBISS+<\/a><\/p><p style=\"text-align: right;\"><a href=\"https:\/\/www.dobreknjige.si\/knjige\/kdo-govori-o-ljubezni-osvobajanje-izpod-kulture-casti\/\" target=\"_blank\" rel=\"noopener\">Dobre knjige<\/a><\/p><\/div>\n\t\t\t\t<\/div>\n\t\t\t\t\t\t\t<div class=\"elementor-toggle-item\">\n\t\t\t\t\t<div id=\"elementor-tab-title-14015\" class=\"elementor-tab-title\" data-tab=\"15\" role=\"tab\" aria-controls=\"elementor-tab-content-14015\" aria-expanded=\"false\">\n\t\t\t\t\t\t\t\t\t\t\t\t<span class=\"elementor-toggle-icon elementor-toggle-icon-left\" aria-hidden=\"true\">\n\t\t\t\t\t\t\t\t\t\t\t\t\t\t\t<span class=\"elementor-toggle-icon-closed\"><i class=\"fas fa-caret-right\"><\/i><\/span>\n\t\t\t\t\t\t\t\t<span class=\"elementor-toggle-icon-opened\"><i class=\"elementor-toggle-icon-opened fas fa-caret-up\"><\/i><\/span>\n\t\t\t\t\t\t\t\t\t\t\t\t\t<\/span>\n\t\t\t\t\t\t\t\t\t\t\t\t<a href=\"\" class=\"elementor-toggle-title\">3. ANDREJA RACCOMANDA: La casa sulla scogliera \/ RIley Sager<\/a>\n\t\t\t\t\t<\/div>\n\n\t\t\t\t\t<div id=\"elementor-tab-content-14015\" class=\"elementor-tab-content elementor-clearfix\" data-tab=\"15\" role=\"tabpanel\" aria-labelledby=\"elementor-tab-title-14015\"><p>\u00a0<\/p><p>K<img loading=\"lazy\" class=\"size-full wp-image-30870 alignleft\" src=\"https:\/\/www.kp.sik.si\/wp-content\/uploads\/2026\/01\/images.jpg\" alt=\"\" width=\"185\" height=\"273\" \/>it, un\u2019infermiera accusata di aver aiutato la propria madre a suicidarsi per compassione, non riesce pi\u00f9 a trovare lavoro. Per questo accetta un impiego come assistente personale della settantenne Lenore Hope, unica sopravvissuta a un massacro familiare.<\/p><p>Consiglio caldamente questo libro a tutti gli amanti dei thriller psicologici, delle storie di sopravvivenza e a chi \u00e8 interessato al lato pi\u00f9 oscuro della psiche umana. \u00c8 una lettura scorrevole, intensa e inquietante al punto giusto.<\/p><p style=\"text-align: right;\"><a href=\"https:\/\/plus.cobiss.net\/cobiss\/si\/sl\/search\/cobib\/results?q=au%3D%20sager*%20and%20ti%3Dedina*&amp;lib=sikkp\">COBISS+<\/a><\/p><\/div>\n\t\t\t\t<\/div>\n\t\t\t\t\t\t\t<div class=\"elementor-toggle-item\">\n\t\t\t\t\t<div id=\"elementor-tab-title-14016\" class=\"elementor-tab-title\" data-tab=\"16\" role=\"tab\" aria-controls=\"elementor-tab-content-14016\" aria-expanded=\"false\">\n\t\t\t\t\t\t\t\t\t\t\t\t<span class=\"elementor-toggle-icon elementor-toggle-icon-left\" aria-hidden=\"true\">\n\t\t\t\t\t\t\t\t\t\t\t\t\t\t\t<span class=\"elementor-toggle-icon-closed\"><i class=\"fas fa-caret-right\"><\/i><\/span>\n\t\t\t\t\t\t\t\t<span class=\"elementor-toggle-icon-opened\"><i class=\"elementor-toggle-icon-opened fas fa-caret-up\"><\/i><\/span>\n\t\t\t\t\t\t\t\t\t\t\t\t\t<\/span>\n\t\t\t\t\t\t\t\t\t\t\t\t<a href=\"\" class=\"elementor-toggle-title\">2. VANJA RACCOMANDA: Finding my way \/ Malala Yousafzai<\/a>\n\t\t\t\t\t<\/div>\n\n\t\t\t\t\t<div id=\"elementor-tab-content-14016\" class=\"elementor-tab-content elementor-clearfix\" data-tab=\"16\" role=\"tabpanel\" aria-labelledby=\"elementor-tab-title-14016\"><p><img loading=\"lazy\" class=\"size-medium wp-image-30478 alignleft\" src=\"https:\/\/www.kp.sik.si\/wp-content\/uploads\/2026\/01\/malala-198x300.jpg\" alt=\"\" width=\"198\" height=\"300\" srcset=\"https:\/\/ankaran.kp.sik.si\/wp-content\/uploads\/2026\/01\/malala-198x300.jpg 198w, https:\/\/ankaran.kp.sik.si\/wp-content\/uploads\/2026\/01\/malala.jpg 645w\" sizes=\"(max-width: 198px) 100vw, 198px\" \/><\/p><p>Malala Yousafzai \u00e8 la pi\u00f9 giovane vincitrice del Premio Nobel per la Pace.<\/p><p>Il libro Finding my way \u00e8 un racconto autobiografico in cui Malala, in prima persona, descrive la sua vita: dall\u2019infanzia fino al momento in cui diventa un\u2019attivista conosciuta a livello mondiale.<\/p><p>Il libro non \u00e8 solo la storia di un attentato, ma soprattutto una storia di crescita, identit\u00e0, coraggio e della forza di far sentire la propria voce.<\/p><p style=\"text-align: right;\"><a href=\"https:\/\/plus.cobiss.net\/cobiss\/si\/sl\/search\/cobib\/results?q=au%3D%20Yousafzai*%20and%20ti%3Diskanje*&amp;lib=sikkp\">COBISS+<\/a><\/p><\/div>\n\t\t\t\t<\/div>\n\t\t\t\t\t\t\t<div class=\"elementor-toggle-item\">\n\t\t\t\t\t<div id=\"elementor-tab-title-14017\" class=\"elementor-tab-title\" data-tab=\"17\" role=\"tab\" aria-controls=\"elementor-tab-content-14017\" aria-expanded=\"false\">\n\t\t\t\t\t\t\t\t\t\t\t\t<span class=\"elementor-toggle-icon elementor-toggle-icon-left\" aria-hidden=\"true\">\n\t\t\t\t\t\t\t\t\t\t\t\t\t\t\t<span class=\"elementor-toggle-icon-closed\"><i class=\"fas fa-caret-right\"><\/i><\/span>\n\t\t\t\t\t\t\t\t<span class=\"elementor-toggle-icon-opened\"><i class=\"elementor-toggle-icon-opened fas fa-caret-up\"><\/i><\/span>\n\t\t\t\t\t\t\t\t\t\t\t\t\t<\/span>\n\t\t\t\t\t\t\t\t\t\t\t\t<a href=\"\" class=\"elementor-toggle-title\">1. MARTIN RACCOMANDA: Vse je pesem \/ Sre\u010dko Kosovel<\/a>\n\t\t\t\t\t<\/div>\n\n\t\t\t\t\t<div id=\"elementor-tab-content-14017\" class=\"elementor-tab-content elementor-clearfix\" data-tab=\"17\" role=\"tabpanel\" aria-labelledby=\"elementor-tab-title-14017\"><p><img loading=\"lazy\" class=\"size-medium wp-image-30458 alignleft\" style=\"font-style: italic;\" src=\"https:\/\/www.kp.sik.si\/wp-content\/uploads\/2026\/01\/1000065173-202x300.jpg\" alt=\"\" width=\"202\" height=\"300\" srcset=\"https:\/\/ankaran.kp.sik.si\/wp-content\/uploads\/2026\/01\/1000065173-202x300.jpg 202w, https:\/\/ankaran.kp.sik.si\/wp-content\/uploads\/2026\/01\/1000065173-690x1024.jpg 690w, https:\/\/ankaran.kp.sik.si\/wp-content\/uploads\/2026\/01\/1000065173-768x1140.jpg 768w, https:\/\/ankaran.kp.sik.si\/wp-content\/uploads\/2026\/01\/1000065173-940x1395.jpg 940w, https:\/\/ankaran.kp.sik.si\/wp-content\/uploads\/2026\/01\/1000065173.jpg 1695w\" sizes=\"(max-width: 202px) 100vw, 202px\" \/><\/p><p>Le poesie di Sre\u010dko Kosovel, in una selezione a cura di Josip Osti, cercano di cogliere l\u2019opera vasta ed enigmatica del poeta, in cui la ruralit\u00e0 pastorale suscitava forti impressioni, mentre l\u2019urbanesimo infernale generava depressioni ancora pi\u00f9 profonde. Per questo la malinconia \u00e8 il sentimento dominante nella poesia di Kosovel; tuttavia, per il poeta, essa non \u00e8 altro che l\u2019amore in un\u2019altra forma, come osserva Osti.<\/p><p>Nell\u2019anno del centenario della morte di Kosovel (27 maggio 1926), lasciate che La barca d\u2019oro vi conduca, attraverso porte grigie, verso un giorno d\u2019oro e un anno nuovo.<\/p><p style=\"text-align: right;\"><a href=\"https:\/\/plus.cobiss.net\/cobiss\/si\/sl\/search\/cobib\/results?q=au%3Dkosovel*%20and%20ti%3Dvse%20je%20pesem*&amp;lib=sikkp\">COBISS+<\/a><\/p><\/div>\n\t\t\t\t<\/div>\n\t\t\t\t\t\t\t\t<\/div>\n\t\t\t\t<\/div>\n\t\t\t\t<\/div>\n\t\t\t\t\t<\/div>\n\t\t<\/div>\n\t\t\t\t\t\t\t<\/div>\n\t\t<\/section>\n\t\t\t\t\t\t<\/div>\n\t\t\t\t\t<\/div>\n\t\t","protected":false},"excerpt":{"rendered":"<p>L\u2019elenco di letture consigliate:\u00a052 libri da leggere nel 2026\u00a0\u00e8 stato preparato dai bibliotecari per tutti i lettori e i visitatori della biblioteca. Perch\u00e9 proprio 52 titoli? Uno per ogni settimana [&hellip;]<\/p>\n","protected":false},"author":9,"featured_media":30421,"comment_status":"open","ping_status":"open","sticky":false,"template":"","format":"standard","meta":[],"categories":[544],"tags":[545,546],"acf":[],"_links":{"self":[{"href":"https:\/\/ankaran.kp.sik.si\/it\/wp-json\/wp\/v2\/posts\/30687"}],"collection":[{"href":"https:\/\/ankaran.kp.sik.si\/it\/wp-json\/wp\/v2\/posts"}],"about":[{"href":"https:\/\/ankaran.kp.sik.si\/it\/wp-json\/wp\/v2\/types\/post"}],"author":[{"embeddable":true,"href":"https:\/\/ankaran.kp.sik.si\/it\/wp-json\/wp\/v2\/users\/9"}],"replies":[{"embeddable":true,"href":"https:\/\/ankaran.kp.sik.si\/it\/wp-json\/wp\/v2\/comments?post=30687"}],"version-history":[{"count":93,"href":"https:\/\/ankaran.kp.sik.si\/it\/wp-json\/wp\/v2\/posts\/30687\/revisions"}],"predecessor-version":[{"id":32905,"href":"https:\/\/ankaran.kp.sik.si\/it\/wp-json\/wp\/v2\/posts\/30687\/revisions\/32905"}],"wp:featuredmedia":[{"embeddable":true,"href":"https:\/\/ankaran.kp.sik.si\/it\/wp-json\/wp\/v2\/media\/30421"}],"wp:attachment":[{"href":"https:\/\/ankaran.kp.sik.si\/it\/wp-json\/wp\/v2\/media?parent=30687"}],"wp:term":[{"taxonomy":"category","embeddable":true,"href":"https:\/\/ankaran.kp.sik.si\/it\/wp-json\/wp\/v2\/categories?post=30687"},{"taxonomy":"post_tag","embeddable":true,"href":"https:\/\/ankaran.kp.sik.si\/it\/wp-json\/wp\/v2\/tags?post=30687"}],"curies":[{"name":"wp","href":"https:\/\/api.w.org\/{rel}","templated":true}]}}