{"id":5914,"date":"2020-11-17T09:56:09","date_gmt":"2020-11-17T08:56:09","guid":{"rendered":"https:\/\/www.kp.sik.si\/?p=5914"},"modified":"2020-11-17T09:56:09","modified_gmt":"2020-11-17T08:56:09","slug":"la-conclusione-del-progetto-primorci-beremo-sara-coaudiuvata-da-ana-svetel-e-kamenko-kesar","status":"publish","type":"post","link":"https:\/\/ankaran.kp.sik.si\/it\/2020\/11\/la-conclusione-del-progetto-primorci-beremo-sara-coaudiuvata-da-ana-svetel-e-kamenko-kesar\/","title":{"rendered":"LA CONCLUSIONE DEL PROGETTO PRIMORCI BEREMO SAR\u00c0 COAUDIUVATA DA ANA SVETEL E KAMENKO KESAR"},"content":{"rendered":"<p><strong>Anche quest&#8217;anno si \u00e8 concluso con successo il progetto <em>Primorci beremo<\/em> presso la Biblioteca centrale\u00a0 Sre\u010dko Vilhar. Nonostante il minor tempo concesso alla lettura, si sono letti 5 libri (4 in prosa e una raccolta di poesie), quindi un libro in meno rispetto alle edizioni precedenti. All&#8217;iniziativa hanno preso parte 61 lettori e 50 hanno completato la campagna di lettura.<\/strong><\/p>\n<p>L&#8217;elenco di letture proposte in quest&#8217;edizione hanno incluso 74 opere in prosa e poesia di autori affermati e premiati. \u00c8 stata un&#8217;occasione per prendere visione dei mondi letterari delle giovani generazioni di scrittori che avrebbero potuto essere ignorati in tale fucina di produzione letteraria. Tra gli autori pi\u00f9 letti spiccano Aljo\u0161a Bagola con il libro <em>Kako izgoreti<\/em>, Tadej Golob con <em>Dolina ro\u017e<\/em> e Veronika Simoniti con il romanzo <em>Ivana pred morjem<\/em>.<\/p>\n<p><img loading=\"lazy\" class=\"aligncenter size-full wp-image-5806\" src=\"https:\/\/www.kp.sik.si\/wp-content\/uploads\/2020\/11\/Primorci-beremo.jpg\" alt=\"\" width=\"512\" height=\"352\" srcset=\"https:\/\/ankaran.kp.sik.si\/wp-content\/uploads\/2020\/11\/Primorci-beremo.jpg 512w, https:\/\/ankaran.kp.sik.si\/wp-content\/uploads\/2020\/11\/Primorci-beremo-300x206.jpg 300w\" sizes=\"(max-width: 512px) 100vw, 512px\" \/><\/p>\n<p>L&#8217;obiettivo principale del progetto <em>Primorci beremo<\/em>, in cui le biblioteche Ben Zupan\u010di\u010d di Postumia, la biblioteca Lavri\u010d di Aidussina, la biblioteca comunale e la sala di lettura di Idrija, la biblioteca Makse Samsa di Ilirska Bistrica, la biblioteca comunale di Isola, la biblioteca centrale Sre\u010dko Vilhar Koper, la biblioteca Gori\u0161ka France Bevka Nova Gorica, la biblioteca comunale di Pirano , la Biblioteca Ciril Kosma\u010d di Tolmino, la Narodna in \u0161tudijska knji\u017enica di Trieste e la Biblioteca Damir Feigl di Gorizia, \u00e8 un incoraggiamento alla lettura della produzione letteraria in lingua slovena.<\/p>\n<p>Viste le rigide misure, a progetto concluso saranno presentati due interessanti eventi virtuali. Il 30 novembre, alle ore 18, saranno graditi ospiti i coniugi Alenka e Kamenko Kesar. Come parte del progetto, Kamenko intraterr\u00e0 il publico virtuale con una lettura leggera e giocosa tratta dal \u00a0libro<em> \u017dena ima uvek prav<\/em>, mentre Alenka presenter\u00e0 il suo secondo romanzo <em>Druga \u017eena<\/em>. Il secondo evento, che completer\u00e0 il progetto, dai toni eleganti, il 2 dicembre, alle ore 17, sar\u00e0 arricchito da una conversazione toccante tra la scrittrice Ana Svetel, con il suo libro <em>Dobra dru\u017eba<\/em> e Diana Punger\u0161i\u010d. Entrambi gli eventi saranno disponibili virtualmente sulla pagina \u00a0Facebook della bilbioteca. Tutti coloro che hanno portato a termine con successo la campagna di lettura, verranno informati dell&#8217;evento; riceveranno un riconoscimento e un premio, che potranno ritirare presso la sede della biblioteca in Piazza \u00a0Brolo 1, 6000 Capodistria.<\/p>\n","protected":false},"excerpt":{"rendered":"<p>Anche quest&#8217;anno si \u00e8 concluso con successo il progetto Primorci beremo presso la Biblioteca centrale\u00a0 Sre\u010dko Vilhar. Nonostante il minor tempo concesso alla lettura, si sono letti 5 libri (4 [&hellip;]<\/p>\n","protected":false},"author":7,"featured_media":5912,"comment_status":"open","ping_status":"open","sticky":false,"template":"","format":"standard","meta":[],"categories":[49],"tags":[],"acf":[],"_links":{"self":[{"href":"https:\/\/ankaran.kp.sik.si\/it\/wp-json\/wp\/v2\/posts\/5914"}],"collection":[{"href":"https:\/\/ankaran.kp.sik.si\/it\/wp-json\/wp\/v2\/posts"}],"about":[{"href":"https:\/\/ankaran.kp.sik.si\/it\/wp-json\/wp\/v2\/types\/post"}],"author":[{"embeddable":true,"href":"https:\/\/ankaran.kp.sik.si\/it\/wp-json\/wp\/v2\/users\/7"}],"replies":[{"embeddable":true,"href":"https:\/\/ankaran.kp.sik.si\/it\/wp-json\/wp\/v2\/comments?post=5914"}],"version-history":[{"count":1,"href":"https:\/\/ankaran.kp.sik.si\/it\/wp-json\/wp\/v2\/posts\/5914\/revisions"}],"predecessor-version":[{"id":5915,"href":"https:\/\/ankaran.kp.sik.si\/it\/wp-json\/wp\/v2\/posts\/5914\/revisions\/5915"}],"wp:featuredmedia":[{"embeddable":true,"href":"https:\/\/ankaran.kp.sik.si\/it\/wp-json\/wp\/v2\/media\/5912"}],"wp:attachment":[{"href":"https:\/\/ankaran.kp.sik.si\/it\/wp-json\/wp\/v2\/media?parent=5914"}],"wp:term":[{"taxonomy":"category","embeddable":true,"href":"https:\/\/ankaran.kp.sik.si\/it\/wp-json\/wp\/v2\/categories?post=5914"},{"taxonomy":"post_tag","embeddable":true,"href":"https:\/\/ankaran.kp.sik.si\/it\/wp-json\/wp\/v2\/tags?post=5914"}],"curies":[{"name":"wp","href":"https:\/\/api.w.org\/{rel}","templated":true}]}}