{"id":6343,"date":"2020-12-17T12:49:47","date_gmt":"2020-12-17T11:49:47","guid":{"rendered":"https:\/\/www.kp.sik.si\/?p=6343"},"modified":"2020-12-17T12:49:47","modified_gmt":"2020-12-17T11:49:47","slug":"pubblicazione-del-libro-tattile-indovinelli-per-dita-curiose","status":"publish","type":"post","link":"https:\/\/ankaran.kp.sik.si\/it\/2020\/12\/pubblicazione-del-libro-tattile-indovinelli-per-dita-curiose\/","title":{"rendered":"Pubblicazione del libro tattile Indovinelli per dita curiose"},"content":{"rendered":"<p><strong>La Biblioteca Centrale\u00a0 Sre\u010dko Vilhar di Capodistria come consuetudine alla fine dell&#8217;anno ha presentato la sua tradizionale pubblicazione. Quest&#8217;anno si \u00e8 trattato di un lavoro colletaneo tra la Facolt\u00e0 di Scienze della Formazione dell&#8217;Universit\u00e0 del Litorale,\u00a0 l&#8217;Associazione intercomunale ciechi e ipovedenti, il Carcere di Capodistria e i docenti della scuola elementare Pier Paolo Vergerio il Vecchio di Capodistria. Ieri \u00e8 stato presentato virtualmente agli utenti il processo di creazione\u00a0 di tali libri ed \u00e8 stata esposta la motivazione del perch\u00e9 si \u00e8 deciso di pubblicare un libro adattato a ciechi e ipovedenti.<\/strong><\/p>\n<p>Il direttore della biblioteca, <strong>David Runco<\/strong>, ha tenuto a sottolineare che le copie del libro \u00bbIndovinelli per dita curiose\u00ab saranno donati alle associazioni per non vedenti e ipovedenti, nonch\u00e9 alle biblioteche pubbliche. Pochi giorni fa, nell&#8217;ambito del progetto di beneficenza <em>Hladilnik toplega srca\/Frigorifero dal cuore caldo<\/em>, la Biblioteca Sre\u010dko Vilhar di Capodistria ne ha\u00a0 fatto dono al centro CIRIUS di Aidussina. Il libro tattile, interamente realizzato a mano, intitolato \u00bbIndovinelli per dita curiose\u00ab, \u00e8 stato pubblicato in centoventi copie. Alla stesura dei testi hanno partecipato quindici docenti, un collaboratore esterno e gruppi di 8-9 detenuti.<\/p>\n<p><img loading=\"lazy\" class=\"aligncenter wp-image-6341 size-full\" src=\"https:\/\/www.kp.sik.si\/wp-content\/uploads\/2020\/12\/tipanka-4.jpg\" alt=\"\" width=\"1564\" height=\"1564\" srcset=\"https:\/\/ankaran.kp.sik.si\/wp-content\/uploads\/2020\/12\/tipanka-4.jpg 1564w, https:\/\/ankaran.kp.sik.si\/wp-content\/uploads\/2020\/12\/tipanka-4-300x300.jpg 300w, https:\/\/ankaran.kp.sik.si\/wp-content\/uploads\/2020\/12\/tipanka-4-1024x1024.jpg 1024w, https:\/\/ankaran.kp.sik.si\/wp-content\/uploads\/2020\/12\/tipanka-4-150x150.jpg 150w, https:\/\/ankaran.kp.sik.si\/wp-content\/uploads\/2020\/12\/tipanka-4-768x768.jpg 768w, https:\/\/ankaran.kp.sik.si\/wp-content\/uploads\/2020\/12\/tipanka-4-1536x1536.jpg 1536w, https:\/\/ankaran.kp.sik.si\/wp-content\/uploads\/2020\/12\/tipanka-4-830x830.jpg 830w, https:\/\/ankaran.kp.sik.si\/wp-content\/uploads\/2020\/12\/tipanka-4-940x940.jpg 940w\" sizes=\"(max-width: 1564px) 100vw, 1564px\" \/><\/p>\n<p><em>\u00bbNoi in biblioteca siamo ben consapevoli dell&#8217;importanza di questo tipo di supporto per lo sviluppo dei bambini affetti da ciecit\u00e0 e ipovedenti, ma siamo anche consapevoli che questo tipo di sostegno da solo non basta, a tale fine si \u00e8 orientata la pubblicazione di fine anno. Certamente vorremmo che la pubblicazione di questo libro tattile fosse solo il primo passo verso una realizzazione pi\u00f9 completa di assortimenti bibliotecari personalizzati; tra cui la possibilit\u00e0 di prendere in prestito audiolibri e altri strumenti adattati alla categoria di non vedenti e ipovedenti\u00ab <\/em>questo l&#8217;auspicio del direttore della Biblioteca, aggiungendo che dal prossimo anno sar\u00e0 disponibile il prestito di audiolibri in lingua slovena.<\/p>\n<p>La dott.ssa\u00a0 <strong>Aksinja Kermauner<\/strong> della Facolt\u00e0 dell&#8217;educazione dell&#8217;Universit\u00e0 del Litorale e la pedagoga <strong>Ina Suli\u010d<\/strong> della scuola elementare Pier Paolo Vergerio Il Vecchio,\u00a0 alla presentazione di ieri hanno illustrato \u00bbIndovinelli per dita curiose\u00ab, spiegando che ogni persona coinvolta nel progetto ha impiegato circa 20 ore per realizzare tale libro. &#8220;<em>I libri tattili sono realizzati con l&#8217;utilizzo di diversi materiali, dal legno alla carta, alla gomma, usando poi glitter, nastri&#8230; Importante \u00e8 che i materiali siano resistenti e i colori risaltino, poich\u00e9 gli ipovedenti li percepiscono e li vedono pi\u00f9 chiaramente rispetto ai colori scuri<\/em>&#8220;, ha precisato Ina, come conferma anche Helena Maglica, preside della scuola elementare Pier Paolo Vergerio il Vecchio.<\/p>\n<p><img loading=\"lazy\" class=\"aligncenter wp-image-6338 size-full\" src=\"https:\/\/www.kp.sik.si\/wp-content\/uploads\/2020\/12\/tipanka-1.jpg\" alt=\"\" width=\"2016\" height=\"980\" srcset=\"https:\/\/ankaran.kp.sik.si\/wp-content\/uploads\/2020\/12\/tipanka-1.jpg 2016w, https:\/\/ankaran.kp.sik.si\/wp-content\/uploads\/2020\/12\/tipanka-1-300x146.jpg 300w, https:\/\/ankaran.kp.sik.si\/wp-content\/uploads\/2020\/12\/tipanka-1-1024x498.jpg 1024w, https:\/\/ankaran.kp.sik.si\/wp-content\/uploads\/2020\/12\/tipanka-1-768x373.jpg 768w, https:\/\/ankaran.kp.sik.si\/wp-content\/uploads\/2020\/12\/tipanka-1-1536x747.jpg 1536w, https:\/\/ankaran.kp.sik.si\/wp-content\/uploads\/2020\/12\/tipanka-1-830x403.jpg 830w, https:\/\/ankaran.kp.sik.si\/wp-content\/uploads\/2020\/12\/tipanka-1-940x457.jpg 940w\" sizes=\"(max-width: 2016px) 100vw, 2016px\" \/><\/p>\n<p><em>\u00bbSono particolarmente soddisfatta del fatto che stiamo diventando sempre pi\u00f9 una societ\u00e0 inclusiva, poich\u00e9 anche i bambini non vedenti e ipovedenti hanno bisogno di libri dai quali apprendere. Per loro, i libri tattili sono un eccellente esercizio dei sensi, soprattutto in un secondo momento quando apprendono la lettura attraveso il sistema Braille\u00ab<\/em>, Aksinja Kermauer ha aggiunto \u00bb <em>i libri tattitili non sono accativanti solo per i bambini non vedenti e ipovedenti, per i loro colori accesi risultano attraenti anche ai bambini della scuola materna, consapevoli dunque del fatto che esistono anche altri libri, e che i ciechi ci sono. In questo modo riusciamo a spezzare il paradigma che i ciechi sono svantaggiati<\/em>\u00ab.<\/p>\n<p>Alla presentazione che si \u00e8 tenuta ieri hanno preso parte anche la pedagoga <strong>Irena Vujanovi\u010d<\/strong> e la responsabile del servizio pedagogico <strong>Mirjana Petrovi\u0107<\/strong>, hanno rimarcato l&#8217;importanza che tali progetti hanno per i detenuti; il loro tempo libero si arrichisce di significato e al contempo si ottiene un effetto rasserenante su persone che comunque vivono con limitazioni.<\/p>\n<p>Ultimo intervento quello di <strong>Marko Mikulin<\/strong> che in qualit\u00e0 di rappresentante della comunit\u00e0 dei non vedenti ha sottolineato che i libri tattili sono stati ben realizzati, e che\u00a0 rappresentano il passo giusto verso la \u00a0sensibilizzazione della cultura alla lettura per non vedenti e i ipovedenti.<\/p>\n<p><iframe loading=\"lazy\" style=\"border: none; overflow: hidden;\" src=\"https:\/\/www.facebook.com\/plugins\/video.php?height=314&amp;href=https%3A%2F%2Fwww.facebook.com%2Fknjiznicakp%2Fvideos%2F143268593993679%2F&amp;show_text=false&amp;width=560\" width=\"560\" height=\"314\" frameborder=\"0\" scrolling=\"no\" allowfullscreen=\"allowfullscreen\"><\/iframe><\/p>\n","protected":false},"excerpt":{"rendered":"<p>La Biblioteca Centrale\u00a0 Sre\u010dko Vilhar di Capodistria come consuetudine alla fine dell&#8217;anno ha presentato la sua tradizionale pubblicazione. Quest&#8217;anno si \u00e8 trattato di un lavoro colletaneo tra la Facolt\u00e0 di [&hellip;]<\/p>\n","protected":false},"author":7,"featured_media":6332,"comment_status":"open","ping_status":"open","sticky":false,"template":"","format":"standard","meta":[],"categories":[49],"tags":[],"acf":[],"_links":{"self":[{"href":"https:\/\/ankaran.kp.sik.si\/it\/wp-json\/wp\/v2\/posts\/6343"}],"collection":[{"href":"https:\/\/ankaran.kp.sik.si\/it\/wp-json\/wp\/v2\/posts"}],"about":[{"href":"https:\/\/ankaran.kp.sik.si\/it\/wp-json\/wp\/v2\/types\/post"}],"author":[{"embeddable":true,"href":"https:\/\/ankaran.kp.sik.si\/it\/wp-json\/wp\/v2\/users\/7"}],"replies":[{"embeddable":true,"href":"https:\/\/ankaran.kp.sik.si\/it\/wp-json\/wp\/v2\/comments?post=6343"}],"version-history":[{"count":1,"href":"https:\/\/ankaran.kp.sik.si\/it\/wp-json\/wp\/v2\/posts\/6343\/revisions"}],"predecessor-version":[{"id":6344,"href":"https:\/\/ankaran.kp.sik.si\/it\/wp-json\/wp\/v2\/posts\/6343\/revisions\/6344"}],"wp:featuredmedia":[{"embeddable":true,"href":"https:\/\/ankaran.kp.sik.si\/it\/wp-json\/wp\/v2\/media\/6332"}],"wp:attachment":[{"href":"https:\/\/ankaran.kp.sik.si\/it\/wp-json\/wp\/v2\/media?parent=6343"}],"wp:term":[{"taxonomy":"category","embeddable":true,"href":"https:\/\/ankaran.kp.sik.si\/it\/wp-json\/wp\/v2\/categories?post=6343"},{"taxonomy":"post_tag","embeddable":true,"href":"https:\/\/ankaran.kp.sik.si\/it\/wp-json\/wp\/v2\/tags?post=6343"}],"curies":[{"name":"wp","href":"https:\/\/api.w.org\/{rel}","templated":true}]}}