{"id":7734,"date":"2021-03-31T10:20:16","date_gmt":"2021-03-31T08:20:16","guid":{"rendered":"https:\/\/www.kp.sik.si\/?p=7734"},"modified":"2021-03-31T10:20:16","modified_gmt":"2021-03-31T08:20:16","slug":"laprile-pazzerello-e-foriero-di-interessanti-ospiti-nelle-biblioteche-di-capodistria-e-ancarano","status":"publish","type":"post","link":"https:\/\/ankaran.kp.sik.si\/it\/2021\/03\/laprile-pazzerello-e-foriero-di-interessanti-ospiti-nelle-biblioteche-di-capodistria-e-ancarano\/","title":{"rendered":"L&#8217;aprile pazzerello \u00e8 foriero di interessanti ospiti nelle biblioteche di Capodistria e Ancarano"},"content":{"rendered":"<p><strong>Ad aprile interessanti eventi sono in programma alla Biblioteca centrale Sre\u010dko Vilhar di Capodistria e alla Biblioteca di Ancarano. Si inizia il 6 aprile, alle ore 18, quando la Biblioteca di Ancarano avr\u00e0 come ospite l<\/strong><strong>\u02bcintellettuale e umanista Marko Pavliha, che presenter\u00e0 il libro uscito quest<\/strong><strong>\u02bcanno, <em>Onkraj materialisti\u010dnega prepri\u010danja<\/em>. A seguire il 15 aprile, alle\u00a0 ore 18, l<\/strong><strong>\u02bceccezionale artista Vojko Ga\u0161perut sar\u00e0 presente nella Biblioteca di Capodistria e presenter\u00e0 una monografia intitolata Vojko Ga\u0161perut Ga\u0161per, realizzata nel 70 \u00b0 anniversario della nascita del pittore. Entrambi gli eventi saranno presentati in esclusiva on-line sulla pagina Facebook della Biblioteca centrale Sre\u010dko Vilhar di Capodistria.<\/strong><\/p>\n<p><strong>Al di l\u00e0 della credenza materialistica<\/strong><\/p>\n<p>L&#8217;ultimo libro del prof. dr. Marko Pavliha ci offre una visione attraverso il metaforico telescopio Galileo nel mondo quantistico della coscienza umana espansa. Questo va ben oltre il paradigma materialista scientifico prevalente, che include anche teorie e paragrafi aridi. L\u02bcautore intraprende coraggiosamente uno studio approfondito della coscienza, motivo per cui \u00e8 stato invitato anche alla Commissione Galileo all&#8217;interno della Rete scientifica e medica internazionale.<\/p>\n<p>Il libro si compone di diverse colonne pubblicate negli ultimi anni dall&#8217;autore sul portale IUS-INFO. Come lui stesso dice, ha scritto secondo una sorta di piano divino o cosmico, non sapendo che sotto le sue mani si stava creando un&#8217;opera completa che pu\u00f2 essere letta a puntate, saggio dopo saggio e non necessariamente seguendo ordine, o nel suo insieme. Secondo quando rilasciato dalla casa editrice GV, nel libro <em>Onkraj materialisti\u010dnega prepri\u010danja<\/em> ad essere modificate sono state solo piccole cose, sono stati aggiornati alcuni dati e apportate delle aggiunte alla raccolta, altrimenti le colonne risultano nella loro forma originale, ma il libro non \u00e8 affatto solo una miscela di vecchi ingredienti, ma una nuova miscellanea con un prezioso valore aggiunto. Sar\u00e0 possibile incontrare e parlare con Marko Pavliha il 6 aprile, alle ore 18:00.<\/p>\n<div id='gallery-1' class='gallery galleryid-7734 gallery-columns-2 gallery-size-medium'><figure class='gallery-item'>\n\t\t\t<div class='gallery-icon portrait'>\n\t\t\t\t<a href='https:\/\/ankaran.kp.sik.si\/it\/?attachment_id=7535'><img width=\"183\" height=\"300\" src=\"https:\/\/ankaran.kp.sik.si\/wp-content\/uploads\/2021\/03\/Marko-Pavliha-183x300.jpg\" class=\"attachment-medium size-medium\" alt=\"\" loading=\"lazy\" srcset=\"https:\/\/ankaran.kp.sik.si\/wp-content\/uploads\/2021\/03\/Marko-Pavliha-183x300.jpg 183w, https:\/\/ankaran.kp.sik.si\/wp-content\/uploads\/2021\/03\/Marko-Pavliha-625x1024.jpg 625w, https:\/\/ankaran.kp.sik.si\/wp-content\/uploads\/2021\/03\/Marko-Pavliha-768x1258.jpg 768w, https:\/\/ankaran.kp.sik.si\/wp-content\/uploads\/2021\/03\/Marko-Pavliha-938x1536.jpg 938w, https:\/\/ankaran.kp.sik.si\/wp-content\/uploads\/2021\/03\/Marko-Pavliha-830x1360.jpg 830w, https:\/\/ankaran.kp.sik.si\/wp-content\/uploads\/2021\/03\/Marko-Pavliha-940x1540.jpg 940w, https:\/\/ankaran.kp.sik.si\/wp-content\/uploads\/2021\/03\/Marko-Pavliha.jpg 1250w\" sizes=\"(max-width: 183px) 100vw, 183px\" \/><\/a>\n\t\t\t<\/div><\/figure><figure class='gallery-item'>\n\t\t\t<div class='gallery-icon landscape'>\n\t\t\t\t<a href='https:\/\/ankaran.kp.sik.si\/it\/?attachment_id=7543'><img width=\"300\" height=\"300\" src=\"https:\/\/ankaran.kp.sik.si\/wp-content\/uploads\/2021\/03\/Vojko-Gasperut-300x300.jpg\" class=\"attachment-medium size-medium\" alt=\"\" loading=\"lazy\" srcset=\"https:\/\/ankaran.kp.sik.si\/wp-content\/uploads\/2021\/03\/Vojko-Gasperut-300x300.jpg 300w, https:\/\/ankaran.kp.sik.si\/wp-content\/uploads\/2021\/03\/Vojko-Gasperut-1024x1024.jpg 1024w, https:\/\/ankaran.kp.sik.si\/wp-content\/uploads\/2021\/03\/Vojko-Gasperut-150x150.jpg 150w, https:\/\/ankaran.kp.sik.si\/wp-content\/uploads\/2021\/03\/Vojko-Gasperut-768x768.jpg 768w, https:\/\/ankaran.kp.sik.si\/wp-content\/uploads\/2021\/03\/Vojko-Gasperut-830x830.jpg 830w, https:\/\/ankaran.kp.sik.si\/wp-content\/uploads\/2021\/03\/Vojko-Gasperut-940x940.jpg 940w, https:\/\/ankaran.kp.sik.si\/wp-content\/uploads\/2021\/03\/Vojko-Gasperut.jpg 1360w\" sizes=\"(max-width: 300px) 100vw, 300px\" \/><\/a>\n\t\t\t<\/div><\/figure>\n\t\t<\/div>\n\n<p><strong>Quando nasce la vena artistica della pittura<\/strong><\/p>\n<p>Il 15 aprile, alle ore 18, la Biblioteca di Capodistria ospiter\u00e0 un pittore d&#8217;eccezione, Vojko Ga\u0161perut, il quale realizza le sue opere d&#8217;arte con la bocca. Ad essere presentata la sua monografia dal titolo <em>Vojko Ga\u0161perut Ga\u0161per<\/em>, realizzata nel 70 \u00b0 anniversario della nascita del pittore.<\/p>\n<p>Vojko Ga\u0161perut \u00e8 nato il 24 dicembre 1949 nel paesino di Sedlo a Breginjski kot, e nel 1960 si \u00e8 trasferito a Capodistria. Nel 1967 sub\u00ec una lesione al midollo spinale mentre si tuffava in acqua rimanendo tetraplegico. Subito dopo il grave trauma fisico, nacque la sua vena artistica e inizi\u00f2 a creare opere d&#8217;arte che oggi sanno togliere il fiato ai visitatori delle sue mostre. \u00c8 membro da pi\u00f9 tempo e a pieno titolo dell&#8217;Associazione Internazionale degli Artisti per i Disabili (AMFPA Associazione degli artisti dellapittura della bocca e del piede del mondo). \u00c8 membro dell&#8217;Associazione dei paraplegici dell&#8217;Istria e del Carso nonch\u00e9 membro fondatore dell&#8217;Associazione dei paraplegici. Nel 2017 \u00e8 entrato a far parte della Sezione Arte \u201cLeon Koporc\u02ee, che opera all&#8217;interno dell&#8217;Associazione Culturale e Artistica del Centro Clinico e della Facolt\u00e0 di Medicina \u201cdr. Alojz Kraigher\u02ee di Lubiana. Da pi\u00f9 di cinque decenni nei suoi dipinti rappresenta paesaggi e vedute con la tecnica della pittura ad olio che ormai domina. Non solo presenta fotograficamente i tratti caratteristici del mondo carsico, ma d\u00e0 ai suoi dipinti una connotazione realistica, basandosi su un tratto solido della pittura. Gran parte dei dipinti si riallaccia al suo borgo nativo Breginjski kot, e conservano una parte dell&#8217;antica architettura locale. Ga\u0161perut \u00e8 anche un cronista pittorico il quale racconta attraveso le sue tele dell&#8217;urbanizzazione dell&#8217;Istria slovena, della sua architettura rurale in via di estinzione e delle amene vedute e degli scorci paesaggistici.<\/p>\n","protected":false},"excerpt":{"rendered":"<p>Ad aprile interessanti eventi sono in programma alla Biblioteca centrale Sre\u010dko Vilhar di Capodistria e alla Biblioteca di Ancarano. Si inizia il 6 aprile, alle ore 18, quando la Biblioteca [&hellip;]<\/p>\n","protected":false},"author":7,"featured_media":7732,"comment_status":"open","ping_status":"open","sticky":false,"template":"","format":"standard","meta":[],"categories":[37],"tags":[],"acf":[],"_links":{"self":[{"href":"https:\/\/ankaran.kp.sik.si\/it\/wp-json\/wp\/v2\/posts\/7734"}],"collection":[{"href":"https:\/\/ankaran.kp.sik.si\/it\/wp-json\/wp\/v2\/posts"}],"about":[{"href":"https:\/\/ankaran.kp.sik.si\/it\/wp-json\/wp\/v2\/types\/post"}],"author":[{"embeddable":true,"href":"https:\/\/ankaran.kp.sik.si\/it\/wp-json\/wp\/v2\/users\/7"}],"replies":[{"embeddable":true,"href":"https:\/\/ankaran.kp.sik.si\/it\/wp-json\/wp\/v2\/comments?post=7734"}],"version-history":[{"count":1,"href":"https:\/\/ankaran.kp.sik.si\/it\/wp-json\/wp\/v2\/posts\/7734\/revisions"}],"predecessor-version":[{"id":7735,"href":"https:\/\/ankaran.kp.sik.si\/it\/wp-json\/wp\/v2\/posts\/7734\/revisions\/7735"}],"wp:featuredmedia":[{"embeddable":true,"href":"https:\/\/ankaran.kp.sik.si\/it\/wp-json\/wp\/v2\/media\/7732"}],"wp:attachment":[{"href":"https:\/\/ankaran.kp.sik.si\/it\/wp-json\/wp\/v2\/media?parent=7734"}],"wp:term":[{"taxonomy":"category","embeddable":true,"href":"https:\/\/ankaran.kp.sik.si\/it\/wp-json\/wp\/v2\/categories?post=7734"},{"taxonomy":"post_tag","embeddable":true,"href":"https:\/\/ankaran.kp.sik.si\/it\/wp-json\/wp\/v2\/tags?post=7734"}],"curies":[{"name":"wp","href":"https:\/\/api.w.org\/{rel}","templated":true}]}}