{"id":7801,"date":"2021-04-14T13:38:42","date_gmt":"2021-04-14T11:38:42","guid":{"rendered":"https:\/\/www.kp.sik.si\/?p=7801"},"modified":"2021-04-14T13:38:42","modified_gmt":"2021-04-14T11:38:42","slug":"una-serie-di-eventi-in-occasione-della-giornata-del-libro","status":"publish","type":"post","link":"https:\/\/ankaran.kp.sik.si\/it\/2021\/04\/una-serie-di-eventi-in-occasione-della-giornata-del-libro\/","title":{"rendered":"Una serie di eventi in occasione della giornata del libro"},"content":{"rendered":"<p><strong>La Biblioteca centrale Sre\u010dko Vilhar insieme alla libreria Libris d. o. o., per i prossimi giorni propongono eventi interessanti. In occasione della giornata del libro, che ricorre il 23 aprile, all&#8217;interno della mostra Tomos, curata dal Comune di Capodistria in collaborazione con diversi partner, sono in preparazione interessanti attivit\u00e0. La signora Isabella Flego sar\u00e0 ospite alla biblioteca di Capodistria per presentare il libro\u00a0<em>Memorie sopra l\u2019Equatore<\/em>\u00a0con la figlia Lorella, mentre a la libreria \u201cLibris\u201d sta realizzando un&#8217;attivit\u00e0 online chiamata \u00bbSvet v spletu besede\u00ab.<\/strong><\/p>\n<p>Quarant&#8217;anni dopo, Isabella Flego ricorda i cinque anni trascorsi in Ghana nel suo libro\u00a0<em>Memorie sopra l\u2019Equatore<\/em>. Gli anni Settanta furono un periodo in cui la Jugoslavia socialista era un paese non allineato e vendeva i suoi veicoli a motore a molti paesi in tutto il mondo. Il marito dell&#8217;autrice, Aurelio, ha guidato la creazione della filiale Tomos di Capodistria chiamata Tomos Ghana Limited.<\/p>\n<p>Il pubblico potr\u00e0 seguire e interloquire con Isabella e Lorella Flego dalla pagina Facebook della biblioteca il 20 aprile, alle ore 18:00. Dopo la presentazione sar\u00e0 presentato un interessante video in cui Ivan Pavin\u010di\u010d svela i segreti della costruzione dello stabilimento Tomos in Ghana.<\/p>\n<p>La libreria Libris sta preparando evento volto a focalizzare l&#8217;attenzione sui libri, sull&#8217;importanza della lettura e sul loro acquisto, evento al quale \u00e8 stato dato il nome \u00bbSvet v spletu besede\u00ab.<\/p>\n<p>Come ci ha confidato Ingrid Celestina: &#8220;Stiamo preparando una serie di video, che pubblicheremo con il titolo\u00a0<em>Il libro che mi ha commosso.\u00a0<\/em>Sono state invitate alcune persone famose e interessanti a raccontarci in un breve video quale libro li ha commossi, ha scosso la terra sotto i loro piedi o semplicemente ha lasciato un segno profondo in loro&#8221;.<\/p>\n<p>Nell&#8217;ambito del progetto &#8220;Slovenske zalo\u017ebe opozarjajo, Le case editrici slovene informano&#8221;, Libris inizier\u00e0 a pubblicare regolarmente video e novit\u00e0 delle case editrici slovene sulle loro edizioni di libri sul sito web della libreria.<\/p>\n<p>Venerd\u00ec 23 aprile 2021, alle 19, sar\u00e0 presentata sul sito di Libris la conversazione Zametki revije Fontana e la TOMOS. Alla conversazione interverranno Edelman Jurin\u010di\u010d, Danilo Japelj, Jadran Pi\u0161ot e Mojca Brank. Presentato il giornale dell\u2019azienda Tomos, che ha portato alla creazione della rivista di letteratura e cultura \u201cFontana\u201d, riproposta alla Libris due anni fa. E ovviamente l&#8217;ultimo numero della rivista Fontana.<\/p>\n<p>Insieme visiteremo la Fiera dal divano, che si svolger\u00e0 sotto gli auspici dalla casa che ha dato i natali a Vodnik e offrir\u00e0 pi\u00f9 di 500 libri sullo stand virtuale, da pi\u00f9 di 50 editori sloveni. Saranno esposti anche libri interessanti e convenienti davanti alla libreria Libris, incluso il libro di Isabella Flego, che sar\u00e0 presentato alla Biblioteca centrale Sre\u010dko Vilhar di Capodistria.<\/p>\n<p>Sar\u00e0 possibile seguire virtualmente il contenuto sui siti web e sui social network della Biblioteca centrale Sre\u010dko Vilhar di Capodistria e della libreria Libris. Seguiteci e tenetevi aggiornati su quanto sta accadendo sulla piattaforma, suggeriamo anche la conversazione con Goran Vojnovi\u010d, che in compagnia di Vesna Milek presenta il seguito del libro \u010cefurji raus &#8211; \u0110or\u0111i\u0107 se vra\u0107a.<\/p>\n<p>Il programma \u00e8 stato reso possibile da: Javna agencija za knjigo RS, Comune citt\u00e0 di Capodistria, dalla Casa editrice Beletrina, dal Centro Giovani di Capodistria e dalla Vodnikova doma\u010dija, dalle Primorske novice, \u00a0dalla Libris d. o. o. e dalla Biblioteca centrale Sre\u010dka Vilhar di Capodistria.<\/p>\n<p>&nbsp;<\/p>\n","protected":false},"excerpt":{"rendered":"<p>La Biblioteca centrale Sre\u010dko Vilhar insieme alla libreria Libris d. o. o., per i prossimi giorni propongono eventi interessanti. In occasione della giornata del libro, che ricorre il 23 aprile, [&hellip;]<\/p>\n","protected":false},"author":7,"featured_media":7793,"comment_status":"open","ping_status":"open","sticky":false,"template":"","format":"standard","meta":[],"categories":[37],"tags":[],"acf":[],"_links":{"self":[{"href":"https:\/\/ankaran.kp.sik.si\/it\/wp-json\/wp\/v2\/posts\/7801"}],"collection":[{"href":"https:\/\/ankaran.kp.sik.si\/it\/wp-json\/wp\/v2\/posts"}],"about":[{"href":"https:\/\/ankaran.kp.sik.si\/it\/wp-json\/wp\/v2\/types\/post"}],"author":[{"embeddable":true,"href":"https:\/\/ankaran.kp.sik.si\/it\/wp-json\/wp\/v2\/users\/7"}],"replies":[{"embeddable":true,"href":"https:\/\/ankaran.kp.sik.si\/it\/wp-json\/wp\/v2\/comments?post=7801"}],"version-history":[{"count":1,"href":"https:\/\/ankaran.kp.sik.si\/it\/wp-json\/wp\/v2\/posts\/7801\/revisions"}],"predecessor-version":[{"id":7802,"href":"https:\/\/ankaran.kp.sik.si\/it\/wp-json\/wp\/v2\/posts\/7801\/revisions\/7802"}],"wp:featuredmedia":[{"embeddable":true,"href":"https:\/\/ankaran.kp.sik.si\/it\/wp-json\/wp\/v2\/media\/7793"}],"wp:attachment":[{"href":"https:\/\/ankaran.kp.sik.si\/it\/wp-json\/wp\/v2\/media?parent=7801"}],"wp:term":[{"taxonomy":"category","embeddable":true,"href":"https:\/\/ankaran.kp.sik.si\/it\/wp-json\/wp\/v2\/categories?post=7801"},{"taxonomy":"post_tag","embeddable":true,"href":"https:\/\/ankaran.kp.sik.si\/it\/wp-json\/wp\/v2\/tags?post=7801"}],"curies":[{"name":"wp","href":"https:\/\/api.w.org\/{rel}","templated":true}]}}