{"id":8006,"date":"2021-05-03T09:45:04","date_gmt":"2021-05-03T07:45:04","guid":{"rendered":"https:\/\/www.kp.sik.si\/?p=8006"},"modified":"2021-05-03T10:55:43","modified_gmt":"2021-05-03T08:55:43","slug":"lanno-di-jurcic-70-anni-di-biblioteconomia-slovena-e-un-carosello-di-eventi-alla-biblioteca-di-capodistria","status":"publish","type":"post","link":"https:\/\/ankaran.kp.sik.si\/it\/2021\/05\/lanno-di-jurcic-70-anni-di-biblioteconomia-slovena-e-un-carosello-di-eventi-alla-biblioteca-di-capodistria\/","title":{"rendered":"L&#8217;anno di Jur\u010di\u010d, 70 anni di biblioteconomia slovena e un carosello di eventi alla biblioteca di Capodistria"},"content":{"rendered":"<p><strong>Nel 2021, la Biblioteca centrale Sre\u010dko Vilhar ricorda il 70 \u00b0 anniversario della biblioteconomia slovena, e quest&#8217;anno \u00e8 un anno particolare perch\u00e9 si commemora il 140 \u00b0 anniversario della morte di Josip Jur\u010di\u010d (4 marzo 1844 &#8211; 3 maggio 1881), scrittore sloveno, poeta e giornalista, autore del primo romanzo sloveno\u00a0 Il decimo fratello (Deseti brat). Due gli eventi dedicati dalla Biblioteca centrale Sre\u010dko Vilhar di Capodistria nel mese di maggio, a questo scrittore che fu una delle figure culturali e politiche centrali della seconda met\u00e0 del XIX secolo. Il primo, il 10 maggio, \u00e8 un incontro on-line per i bambini che propone con diverse storie la vita di Josip Jur\u010di\u010d mentre il 19 maggio, alle 18, avremo come ospite Miha Mazzini, scrittore, sceneggiatore regista e pubblicista.<\/strong><\/p>\n<p><img loading=\"lazy\" class=\"alignleft wp-image-7935 size-medium\" src=\"https:\/\/www.kp.sik.si\/wp-content\/uploads\/2021\/04\/JurcicJosip_foto-Pogorelc_2-216x300.jpg\" alt=\"\" width=\"216\" height=\"300\" srcset=\"https:\/\/ankaran.kp.sik.si\/wp-content\/uploads\/2021\/04\/JurcicJosip_foto-Pogorelc_2-216x300.jpg 216w, https:\/\/ankaran.kp.sik.si\/wp-content\/uploads\/2021\/04\/JurcicJosip_foto-Pogorelc_2-738x1024.jpg 738w, https:\/\/ankaran.kp.sik.si\/wp-content\/uploads\/2021\/04\/JurcicJosip_foto-Pogorelc_2-768x1066.jpg 768w, https:\/\/ankaran.kp.sik.si\/wp-content\/uploads\/2021\/04\/JurcicJosip_foto-Pogorelc_2-1106x1536.jpg 1106w, https:\/\/ankaran.kp.sik.si\/wp-content\/uploads\/2021\/04\/JurcicJosip_foto-Pogorelc_2-830x1152.jpg 830w, https:\/\/ankaran.kp.sik.si\/wp-content\/uploads\/2021\/04\/JurcicJosip_foto-Pogorelc_2-940x1305.jpg 940w, https:\/\/ankaran.kp.sik.si\/wp-content\/uploads\/2021\/04\/JurcicJosip_foto-Pogorelc_2.jpg 1437w\" sizes=\"(max-width: 216px) 100vw, 216px\" \/><\/p>\n<p>Josip Jur\u010di\u010d ha iniziato il suo percorso creativo durante gli anni dello studio, quando ha iniziato a trascrivere storie raccontate tratte anche da materiale popolare. Come risultato della sua raccolta, fu pubblicato Pripovedka o beli ka\u010di (1861). Nel 1864, l&#8217;Associazione Mohor ha pubblicato e premiato, con centinaia di monete d&#8217;oro, il romanzo storico Giorgio Kozjak, giannizzero sloveno (Jurij Kozjak, slovenski jani\u010dar) e la raccolta\u00a0 Jesenska no\u010d med slovenskimi polharji. I racconti Domen, (1864) e Jurij Kobila, (1865), furono pubblicati sulla rivista letteraria \u201cSlovenski glasnik\u02ee.<\/p>\n<p><strong>Quest&#8217;anno ricorrono i 140 anni dalla morte dello scrittore<\/strong> e l&#8217;anno prossimo 160 anni da quando ha scritto Pripovedko o beli ka\u010di a soli diciassette anni e 140 anni dalla pubblicazione del romanzo Rokovnja\u010di e dal primo numero di Ljubljanskega zvona, che ha fondato insieme a Tav\u010dar, Levc e Kersnik. Nonostante Jur\u010di\u010d non sia noto per i suoi lavori giovanili, poich\u00e9 il suo materiale interessa principalmente le vite e le avventure dei contadini pi\u00f9 anziani, l&#8217;argomento delle invasioni turche in Slovenia, dei rifugiati militari (o disertori)&#8230; eventi avvincenti e contenuti particolarmente divertenti, come l&#8217;umoristico Vrban Smukova \u017eenitev (1865) e Kozlovska sodba v Vi\u0161nji Gori (1867) appartengono alla letteratura giovanile come anche il romanzo di Giorgio Kozjak (1864). <strong>Il video, in fase di realizzazione presso la\u00a0 libreria di\u00a0 Kropa, sar\u00e0 presentato in anteprima il 10 maggio, alle 18, sui nostri siti web e social <\/strong>(www.kp.sik.si, Youtube e Facebook), e distribuito in seguito anche alle scuole primaria e secondaria.<\/p>\n<p><strong>Discorrendo con Miha Mazzini<\/strong><\/p>\n<p><img loading=\"lazy\" class=\"alignright wp-image-7993 size-medium\" src=\"https:\/\/www.kp.sik.si\/wp-content\/uploads\/2021\/05\/Mazzini-300x300.jpg\" alt=\"\" width=\"300\" height=\"300\" srcset=\"https:\/\/ankaran.kp.sik.si\/wp-content\/uploads\/2021\/05\/Mazzini-300x300.jpg 300w, https:\/\/ankaran.kp.sik.si\/wp-content\/uploads\/2021\/05\/Mazzini-150x150.jpg 150w, https:\/\/ankaran.kp.sik.si\/wp-content\/uploads\/2021\/05\/Mazzini-768x768.jpg 768w, https:\/\/ankaran.kp.sik.si\/wp-content\/uploads\/2021\/05\/Mazzini-830x830.jpg 830w, https:\/\/ankaran.kp.sik.si\/wp-content\/uploads\/2021\/05\/Mazzini.jpg 900w\" sizes=\"(max-width: 300px) 100vw, 300px\" \/><\/p>\n<p>Oltre all&#8217;anno di Jur\u010di\u010d, <strong>la biblioteca di Capodistria celebra nella citt\u00e0 il 70\u00b0 anniversario della biblioteconomia slovena.<\/strong> In occasione di questa ricorrenza, abbiamo avuto gi\u00e0 come Goran Vojnovi\u0107, che ha aperto un nuovo concorso rivolto ai giovani, con la presentazione ai maturandi del libro Figa, \u201cSul sentiero della creativit\u00e0 &#8211; i giovani scrivono\u02ee, sono stati realizzati laboratori di scrittura creativa e lettura con Samantha Kobal, ospite \u00e8 stato il vincitore della passata edizione del Premio Pre\u0161eren, il dott. Brane Senega\u010dnik, la signora Isabella Flego ha ricordato la fabbrica Tomos in Ghana ed \u00e8 stata allestita la\u00a0 mostra dell&#8217;artista Vojko Ga\u0161perut. <strong>Il 19 maggio, alle 18, lo scrittore, sceneggiatore, regista e pubblicista Miha Mazzini si unir\u00e0 a noi per una chiacchierata.<\/strong> L&#8217;evento sar\u00e0 realizzato in base alle linee guida e alle raccomandazioni del governo della Repubblica di Slovenia e del NIJZ.<\/p>\n<p>Mazzini \u00e8 nato il 3 giugno 1961 a Jesenice. Ha completato i suoi studi post-laurea in sceneggiatura presso l&#8217;Universit\u00e0 di Sheffield in Inghilterra ed \u00e8 membro a pieno titolo dell&#8217; Accademia europea del cinema. \u00c8 regista di cinque cortometraggi, un documentario e del premiato lungometraggio Izbrisana. Nel 2001, Sa\u0161o Podgor\u0161ek ha diretto il film Sladke sanje tratto sulla sua sceneggiatura, in seguito Mazzini ha scritto il romanzo Kralj ropotajo\u010dih duhov dal carattere autobiografico. Ha ricevuto numerosi premi, \u00e8 inoltre un eccellente editorialista. Le sue opere in prosa comprendono pi\u00f9 di 30 libri pubblicati tradotti in undici lingue.<\/p>\n<p>&nbsp;<\/p>\n","protected":false},"excerpt":{"rendered":"<p>Nel 2021, la Biblioteca centrale Sre\u010dko Vilhar ricorda il 70 \u00b0 anniversario della biblioteconomia slovena, e quest&#8217;anno \u00e8 un anno particolare perch\u00e9 si commemora il 140 \u00b0 anniversario della morte [&hellip;]<\/p>\n","protected":false},"author":7,"featured_media":8004,"comment_status":"open","ping_status":"open","sticky":false,"template":"","format":"standard","meta":[],"categories":[37],"tags":[],"acf":[],"_links":{"self":[{"href":"https:\/\/ankaran.kp.sik.si\/it\/wp-json\/wp\/v2\/posts\/8006"}],"collection":[{"href":"https:\/\/ankaran.kp.sik.si\/it\/wp-json\/wp\/v2\/posts"}],"about":[{"href":"https:\/\/ankaran.kp.sik.si\/it\/wp-json\/wp\/v2\/types\/post"}],"author":[{"embeddable":true,"href":"https:\/\/ankaran.kp.sik.si\/it\/wp-json\/wp\/v2\/users\/7"}],"replies":[{"embeddable":true,"href":"https:\/\/ankaran.kp.sik.si\/it\/wp-json\/wp\/v2\/comments?post=8006"}],"version-history":[{"count":3,"href":"https:\/\/ankaran.kp.sik.si\/it\/wp-json\/wp\/v2\/posts\/8006\/revisions"}],"predecessor-version":[{"id":8026,"href":"https:\/\/ankaran.kp.sik.si\/it\/wp-json\/wp\/v2\/posts\/8006\/revisions\/8026"}],"wp:featuredmedia":[{"embeddable":true,"href":"https:\/\/ankaran.kp.sik.si\/it\/wp-json\/wp\/v2\/media\/8004"}],"wp:attachment":[{"href":"https:\/\/ankaran.kp.sik.si\/it\/wp-json\/wp\/v2\/media?parent=8006"}],"wp:term":[{"taxonomy":"category","embeddable":true,"href":"https:\/\/ankaran.kp.sik.si\/it\/wp-json\/wp\/v2\/categories?post=8006"},{"taxonomy":"post_tag","embeddable":true,"href":"https:\/\/ankaran.kp.sik.si\/it\/wp-json\/wp\/v2\/tags?post=8006"}],"curies":[{"name":"wp","href":"https:\/\/api.w.org\/{rel}","templated":true}]}}