{"id":8131,"date":"2021-05-20T13:57:37","date_gmt":"2021-05-20T11:57:37","guid":{"rendered":"https:\/\/www.kp.sik.si\/?p=8131"},"modified":"2021-05-20T13:57:37","modified_gmt":"2021-05-20T11:57:37","slug":"una-serata-con-miha-mazzini","status":"publish","type":"post","link":"https:\/\/ankaran.kp.sik.si\/it\/2021\/05\/una-serata-con-miha-mazzini\/","title":{"rendered":"Una serata con Miha Mazzini"},"content":{"rendered":"<p>Oltre all&#8217;anno di Jur\u010di\u010d, <strong>la biblioteca di Capodistria celebra nella citt\u00e0 il 70\u00b0 anniversario della biblioteconomia slovena.<\/strong> In occasione di questa ricorrenza, abbiamo avuto gi\u00e0 come Goran Vojnovi\u0107, che ha aperto un nuovo concorso rivolto ai giovani, con la presentazione ai maturandi del libro Figa, \u201cSul sentiero della creativit\u00e0 &#8211; i giovani scrivono\u02ee, sono stati realizzati laboratori di scrittura creativa e lettura con Samantha Kobal, ospite \u00e8 stato il vincitore della passata edizione del Premio Pre\u0161eren, il dott. Brane Senega\u010dnik, la signora Isabella Flego ha ricordato la fabbrica Tomos in Ghana ed \u00e8 stata allestita la\u00a0 mostra dell&#8217;artista Vojko Ga\u0161perut. Ieri<strong>, lo scrittore, sceneggiatore, regista e pubblicista Miha Mazzini era nostro ospite in una chiacchierata.<\/strong><\/p>\n<p><iframe loading=\"lazy\" title=\"YouTube video player\" src=\"https:\/\/www.youtube.com\/embed\/CEwT5qYb0kg\" width=\"560\" height=\"315\" frameborder=\"0\" allowfullscreen=\"allowfullscreen\"><\/iframe><\/p>\n<p>Mazzini \u00e8 nato il 3 giugno 1961 a Jesenice. Ha completato i suoi studi post-laurea in sceneggiatura presso l&#8217;Universit\u00e0 di Sheffield in Inghilterra ed \u00e8 membro a pieno titolo dell&#8217; Accademia europea del cinema. \u00c8 regista di cinque cortometraggi, un documentario e del premiato lungometraggio Izbrisana. Nel 2001, Sa\u0161o Podgor\u0161ek ha diretto il film Sladke sanje tratto sulla sua sceneggiatura, in seguito Mazzini ha scritto il romanzo Kralj ropotajo\u010dih duhov dal carattere autobiografico. Ha ricevuto numerosi premi, \u00e8 inoltre un eccellente editorialista. Le sue opere in prosa comprendono pi\u00f9 di 30 libri pubblicati tradotti in undici lingue.<\/p>\n","protected":false},"excerpt":{"rendered":"<p>Oltre all&#8217;anno di Jur\u010di\u010d, la biblioteca di Capodistria celebra nella citt\u00e0 il 70\u00b0 anniversario della biblioteconomia slovena. In occasione di questa ricorrenza, abbiamo avuto gi\u00e0 come Goran Vojnovi\u0107, che ha [&hellip;]<\/p>\n","protected":false},"author":7,"featured_media":7993,"comment_status":"open","ping_status":"open","sticky":false,"template":"","format":"standard","meta":[],"categories":[37],"tags":[],"acf":[],"_links":{"self":[{"href":"https:\/\/ankaran.kp.sik.si\/it\/wp-json\/wp\/v2\/posts\/8131"}],"collection":[{"href":"https:\/\/ankaran.kp.sik.si\/it\/wp-json\/wp\/v2\/posts"}],"about":[{"href":"https:\/\/ankaran.kp.sik.si\/it\/wp-json\/wp\/v2\/types\/post"}],"author":[{"embeddable":true,"href":"https:\/\/ankaran.kp.sik.si\/it\/wp-json\/wp\/v2\/users\/7"}],"replies":[{"embeddable":true,"href":"https:\/\/ankaran.kp.sik.si\/it\/wp-json\/wp\/v2\/comments?post=8131"}],"version-history":[{"count":1,"href":"https:\/\/ankaran.kp.sik.si\/it\/wp-json\/wp\/v2\/posts\/8131\/revisions"}],"predecessor-version":[{"id":8132,"href":"https:\/\/ankaran.kp.sik.si\/it\/wp-json\/wp\/v2\/posts\/8131\/revisions\/8132"}],"wp:featuredmedia":[{"embeddable":true,"href":"https:\/\/ankaran.kp.sik.si\/it\/wp-json\/wp\/v2\/media\/7993"}],"wp:attachment":[{"href":"https:\/\/ankaran.kp.sik.si\/it\/wp-json\/wp\/v2\/media?parent=8131"}],"wp:term":[{"taxonomy":"category","embeddable":true,"href":"https:\/\/ankaran.kp.sik.si\/it\/wp-json\/wp\/v2\/categories?post=8131"},{"taxonomy":"post_tag","embeddable":true,"href":"https:\/\/ankaran.kp.sik.si\/it\/wp-json\/wp\/v2\/tags?post=8131"}],"curies":[{"name":"wp","href":"https:\/\/api.w.org\/{rel}","templated":true}]}}