{"id":8693,"date":"2021-06-29T11:53:11","date_gmt":"2021-06-29T09:53:11","guid":{"rendered":"https:\/\/www.kp.sik.si\/?p=8693"},"modified":"2021-06-29T11:53:11","modified_gmt":"2021-06-29T09:53:11","slug":"avviso-orario-estivo","status":"publish","type":"post","link":"https:\/\/ankaran.kp.sik.si\/it\/2021\/06\/avviso-orario-estivo\/","title":{"rendered":"AVVISO: Orario estivo"},"content":{"rendered":"<p><strong>La Biblioteca centrale Sre\u010dko Vilhar di Capodistria da gioved\u00ec 1 luglio 2021 adotter\u00e0 il seguente orario estivo.<\/strong><\/p>\n<p><strong>Orario della biblioteca durante il periodo estivo:<\/strong><\/p>\n<ul>\n<li><strong>Reparto per adulti, Reparto per giovani lettori e Biblioteca di Ancarano<\/strong><\/li>\n<\/ul>\n<p>Luned\u00ec &#8211; Marted\u00ec: 13:00 &#8211; 19:00<\/p>\n<p>mercoled\u00ec &#8211; venerd\u00ec: dalle 09:00 alle 15:00<\/p>\n<p>Sabato: chiuso<\/p>\n<ul>\n<li><strong> Reparto di storia patria e beni librari<\/strong><\/li>\n<\/ul>\n<p>luned\u00ec &#8211; venerd\u00ec: dalle 09:00 alle 14:00<\/p>\n<p>Sabato: chiuso<\/p>\n<ul>\n<li><strong> Il salotto del libro (\u017dupan\u010di\u010deva ulica 26)<\/strong><\/li>\n<\/ul>\n<p>luned\u00ec &#8211; gioved\u00ec: 9.00 &#8211; 14.00<strong>\u00a0<\/strong><\/p>\n<ul>\n<li><strong> Sede di Monte San Marco<\/strong><\/li>\n<\/ul>\n<p>Luned\u00ec &#8211; Marted\u00ec: 15:00 &#8211; 19:00<\/p>\n<p>mercoled\u00ec: dalle 07:00 alle 11:00<\/p>\n<p>gioved\u00ec &#8211; venerd\u00ec 11.00 &#8211; 15.00<\/p>\n<p>Sabato Chiuso<\/p>\n<ul>\n<li><strong> Sede di Semedella<\/strong><\/li>\n<\/ul>\n<p>Luned\u00ec &#8211; Marted\u00ec: 11:00 &#8211; 14:00<\/p>\n<p>mercoled\u00ec: 12:00 &#8211; 15:00<\/p>\n<p>Gioved\u00ec: 16:00 &#8211; 19:00<\/p>\n<p>Venerd\u00ec: dalle 07:00 alle 10:00<\/p>\n<p>Sabato Chiuso<\/p>\n<ul>\n<li><strong> Bibliobus<\/strong><\/li>\n<\/ul>\n<p>Puoi trovare <u>QUI<\/u> l&#8217;orario!<\/p>\n","protected":false},"excerpt":{"rendered":"<p>La Biblioteca centrale Sre\u010dko Vilhar di Capodistria da gioved\u00ec 1 luglio 2021 adotter\u00e0 il seguente orario estivo. Orario della biblioteca durante il periodo estivo: Reparto per adulti, Reparto per giovani [&hellip;]<\/p>\n","protected":false},"author":7,"featured_media":3021,"comment_status":"open","ping_status":"open","sticky":false,"template":"","format":"standard","meta":[],"categories":[49],"tags":[],"acf":[],"_links":{"self":[{"href":"https:\/\/ankaran.kp.sik.si\/it\/wp-json\/wp\/v2\/posts\/8693"}],"collection":[{"href":"https:\/\/ankaran.kp.sik.si\/it\/wp-json\/wp\/v2\/posts"}],"about":[{"href":"https:\/\/ankaran.kp.sik.si\/it\/wp-json\/wp\/v2\/types\/post"}],"author":[{"embeddable":true,"href":"https:\/\/ankaran.kp.sik.si\/it\/wp-json\/wp\/v2\/users\/7"}],"replies":[{"embeddable":true,"href":"https:\/\/ankaran.kp.sik.si\/it\/wp-json\/wp\/v2\/comments?post=8693"}],"version-history":[{"count":1,"href":"https:\/\/ankaran.kp.sik.si\/it\/wp-json\/wp\/v2\/posts\/8693\/revisions"}],"predecessor-version":[{"id":8694,"href":"https:\/\/ankaran.kp.sik.si\/it\/wp-json\/wp\/v2\/posts\/8693\/revisions\/8694"}],"wp:featuredmedia":[{"embeddable":true,"href":"https:\/\/ankaran.kp.sik.si\/it\/wp-json\/wp\/v2\/media\/3021"}],"wp:attachment":[{"href":"https:\/\/ankaran.kp.sik.si\/it\/wp-json\/wp\/v2\/media?parent=8693"}],"wp:term":[{"taxonomy":"category","embeddable":true,"href":"https:\/\/ankaran.kp.sik.si\/it\/wp-json\/wp\/v2\/categories?post=8693"},{"taxonomy":"post_tag","embeddable":true,"href":"https:\/\/ankaran.kp.sik.si\/it\/wp-json\/wp\/v2\/tags?post=8693"}],"curies":[{"name":"wp","href":"https:\/\/api.w.org\/{rel}","templated":true}]}}