{"id":9697,"date":"2021-11-02T12:11:58","date_gmt":"2021-11-02T11:11:58","guid":{"rendered":"https:\/\/www.kp.sik.si\/?p=9697"},"modified":"2021-11-02T12:11:58","modified_gmt":"2021-11-02T11:11:58","slug":"il-progetto-primorci-beremo-sta-per-concludersi","status":"publish","type":"post","link":"https:\/\/ankaran.kp.sik.si\/it\/2021\/11\/il-progetto-primorci-beremo-sta-per-concludersi\/","title":{"rendered":"Il progetto &#8220;Primorci beremo&#8221; sta per concludersi"},"content":{"rendered":"<p><strong>Per il XV anno consecutivo le biblioteche del Litorale organizzano il progetto dedicato alla lettura &#8220;Primorci beremo 2021&#8221;. Il nostro viaggio con la lettura inizia tradizionalmente il 23 aprile, Giornata mondiale del libro, per<\/strong> <strong>concludersi il 9 novembre.<\/strong><\/p>\n<p>Anche quest&#8217;anno il progetto &#8220;<strong>Primorci beremo 2021&#8243;<\/strong> <strong>ha riunito dieci biblioteche del Litorale<\/strong>: la Biblioteca Beno Zupan\u010di\u010d di Postumia, la Biblioteca Lavri\u010d di Aid\u00f9ssina, la Biblioteca e sala di lettura della citt\u00e0 di Idria, la Biblioteca Maksa Samsa di Bisterza, la Biblioteca civica di Isola, la Biblioteca centrale Sre\u010dko Vilhar di Capodistria, la Biblioteca France Bevk di Nova Gorica, la Biblioteca Civica di Pirano, la Biblioteca Ciril Kosma\u010d di Tolmino, la Biblioteca Nazionale Slovena e degli Studi di Trieste con la Biblioteca Damir Feigl di Gorizia.<\/p>\n<p><strong>Gli utenti delle biblioteche del Litorale che aderiscono al progetto hanno tempo sino al 9 novembre di scegliere tra 86 opere letterarie accuratamente selezionate<\/strong> (75 opere in prosa e 11 raccolte di poesie) presenti nell&#8217;elenco di quest&#8217;anno. Per poter completare con successo il progetto, \u00e8 necessario leggere almeno cinque opere in prosa e una raccolta di poesie e inviare il voto assegnato alla lettura con i relativi dati del libro e del lettore.<\/p>\n<p><strong>\u00a0<\/strong><strong>Il 3 dicembre<\/strong>, <strong>radioso giorno dedicato alla cultura<\/strong>, <strong>alle ore 19.00<\/strong>, a conclusione ufficiale del progetto, la Biblioteca centrale Sre\u010dko Vilhar avr\u00e0 come <strong>gradito ospite il giallista August Dem\u0161ar, nell\u2019atrio in Piazza Brolo 1.<\/strong><\/p>\n<p>&nbsp;<\/p>\n","protected":false},"excerpt":{"rendered":"<p>Per il XV anno consecutivo le biblioteche del Litorale organizzano il progetto dedicato alla lettura &#8220;Primorci beremo 2021&#8221;. Il nostro viaggio con la lettura inizia tradizionalmente il 23 aprile, Giornata [&hellip;]<\/p>\n","protected":false},"author":7,"featured_media":9694,"comment_status":"open","ping_status":"open","sticky":false,"template":"","format":"standard","meta":[],"categories":[37],"tags":[],"acf":[],"_links":{"self":[{"href":"https:\/\/ankaran.kp.sik.si\/it\/wp-json\/wp\/v2\/posts\/9697"}],"collection":[{"href":"https:\/\/ankaran.kp.sik.si\/it\/wp-json\/wp\/v2\/posts"}],"about":[{"href":"https:\/\/ankaran.kp.sik.si\/it\/wp-json\/wp\/v2\/types\/post"}],"author":[{"embeddable":true,"href":"https:\/\/ankaran.kp.sik.si\/it\/wp-json\/wp\/v2\/users\/7"}],"replies":[{"embeddable":true,"href":"https:\/\/ankaran.kp.sik.si\/it\/wp-json\/wp\/v2\/comments?post=9697"}],"version-history":[{"count":1,"href":"https:\/\/ankaran.kp.sik.si\/it\/wp-json\/wp\/v2\/posts\/9697\/revisions"}],"predecessor-version":[{"id":9698,"href":"https:\/\/ankaran.kp.sik.si\/it\/wp-json\/wp\/v2\/posts\/9697\/revisions\/9698"}],"wp:featuredmedia":[{"embeddable":true,"href":"https:\/\/ankaran.kp.sik.si\/it\/wp-json\/wp\/v2\/media\/9694"}],"wp:attachment":[{"href":"https:\/\/ankaran.kp.sik.si\/it\/wp-json\/wp\/v2\/media?parent=9697"}],"wp:term":[{"taxonomy":"category","embeddable":true,"href":"https:\/\/ankaran.kp.sik.si\/it\/wp-json\/wp\/v2\/categories?post=9697"},{"taxonomy":"post_tag","embeddable":true,"href":"https:\/\/ankaran.kp.sik.si\/it\/wp-json\/wp\/v2\/tags?post=9697"}],"curies":[{"name":"wp","href":"https:\/\/api.w.org\/{rel}","templated":true}]}}