{"id":9836,"date":"2021-11-25T15:18:43","date_gmt":"2021-11-25T14:18:43","guid":{"rendered":"https:\/\/www.kp.sik.si\/?p=9836"},"modified":"2021-11-25T15:18:43","modified_gmt":"2021-11-25T14:18:43","slug":"raccolta-scelta-per-giovani-speranze-e-conclusione-della-campagna-di-lettura-primorci-beremo-con-avgust-demsar","status":"publish","type":"post","link":"https:\/\/ankaran.kp.sik.si\/it\/2021\/11\/raccolta-scelta-per-giovani-speranze-e-conclusione-della-campagna-di-lettura-primorci-beremo-con-avgust-demsar\/","title":{"rendered":"Raccolta scelta per giovani speranze e conclusione della campagna di lettura Primorci beremo con Avgust Dem\u0161ar"},"content":{"rendered":"<p><strong>La Biblioteca centrale Sre\u010dko Vilhar di Capodistria da novembre inizia con i saluti, in occasione della Settimana generale della biblioteca. Si \u00e8 conclusa con successo la campagna Primorci beremo, alla quale a collaborare sono le biblioteche di Aidussina, Idria, Bisterza, Isola, Nova Gorica, la Biblioteca Nazionale e di Studi di Trieste e le biblioteche di Gorizia, Pirano, Postumia e Tolmino. La campagna di lettura sar\u00e0 completata presso la biblioteca di Capodistria con la partecipazione dello scrittore August Dem\u0161ar. Proprio questa settimana \u00e8 stata predisposta una raccolta di circa 250 \u00a0libri l&#8217;Associazione Memory, che comprende poco pi\u00f9 di 250 libri, nonch\u00e9 delle nuove scaffalature.<\/strong><\/p>\n<p><em>&#8220;Sono estremamente lieto che l&#8217;Associazione Memor abbia preso l&#8217;iniziativa di apprestare una collezione completamente nuova, che verr\u00e0 regolarmente aggiornata e migliorata presso la Biblioteca centrale Sre\u010dko Vilhar a Capodistria. Gli studenti e i partecipanti alle lezioni nel centro didattico potranno prendere in prestito libri gratuitamente e senza formalit\u00e0. Le nostre collezioni sono progettate per le esigenze dei processi lavorativi e delle terapie, all&#8217;interno delle quali si svolgono diverse attivit\u00e0 che promuovono l&#8217;indipendenza, la vita attiva, l&#8217;intrattenimento e l&#8217;apprendimento permanente&#8221;<\/em>, ha affermato il direttore della Biblioteca di Capodistria, David Runco.<\/p>\n<div id='gallery-1' class='gallery galleryid-9836 gallery-columns-3 gallery-size-full'><figure class='gallery-item'>\n\t\t\t<div class='gallery-icon landscape'>\n\t\t\t\t<a href='https:\/\/ankaran.kp.sik.si\/it\/2021\/11\/raccolta-scelta-per-giovani-speranze-e-conclusione-della-campagna-di-lettura-primorci-beremo-con-avgust-demsar\/260824205_4504472069649376_2471925819461102704_n-2\/'><img width=\"1422\" height=\"640\" src=\"https:\/\/ankaran.kp.sik.si\/wp-content\/uploads\/2021\/11\/260824205_4504472069649376_2471925819461102704_n.jpg\" class=\"attachment-full size-full\" alt=\"\" loading=\"lazy\" srcset=\"https:\/\/ankaran.kp.sik.si\/wp-content\/uploads\/2021\/11\/260824205_4504472069649376_2471925819461102704_n.jpg 1422w, https:\/\/ankaran.kp.sik.si\/wp-content\/uploads\/2021\/11\/260824205_4504472069649376_2471925819461102704_n-300x135.jpg 300w, https:\/\/ankaran.kp.sik.si\/wp-content\/uploads\/2021\/11\/260824205_4504472069649376_2471925819461102704_n-1024x461.jpg 1024w, https:\/\/ankaran.kp.sik.si\/wp-content\/uploads\/2021\/11\/260824205_4504472069649376_2471925819461102704_n-768x346.jpg 768w, https:\/\/ankaran.kp.sik.si\/wp-content\/uploads\/2021\/11\/260824205_4504472069649376_2471925819461102704_n-830x374.jpg 830w, https:\/\/ankaran.kp.sik.si\/wp-content\/uploads\/2021\/11\/260824205_4504472069649376_2471925819461102704_n-940x423.jpg 940w\" sizes=\"(max-width: 1422px) 100vw, 1422px\" \/><\/a>\n\t\t\t<\/div><\/figure><figure class='gallery-item'>\n\t\t\t<div class='gallery-icon landscape'>\n\t\t\t\t<a href='https:\/\/ankaran.kp.sik.si\/it\/2021\/11\/raccolta-scelta-per-giovani-speranze-e-conclusione-della-campagna-di-lettura-primorci-beremo-con-avgust-demsar\/260822259_4504472316316018_3117762954582692857_n-2\/'><img width=\"1422\" height=\"640\" src=\"https:\/\/ankaran.kp.sik.si\/wp-content\/uploads\/2021\/11\/260822259_4504472316316018_3117762954582692857_n.jpg\" class=\"attachment-full size-full\" alt=\"\" loading=\"lazy\" srcset=\"https:\/\/ankaran.kp.sik.si\/wp-content\/uploads\/2021\/11\/260822259_4504472316316018_3117762954582692857_n.jpg 1422w, https:\/\/ankaran.kp.sik.si\/wp-content\/uploads\/2021\/11\/260822259_4504472316316018_3117762954582692857_n-300x135.jpg 300w, https:\/\/ankaran.kp.sik.si\/wp-content\/uploads\/2021\/11\/260822259_4504472316316018_3117762954582692857_n-1024x461.jpg 1024w, https:\/\/ankaran.kp.sik.si\/wp-content\/uploads\/2021\/11\/260822259_4504472316316018_3117762954582692857_n-768x346.jpg 768w, https:\/\/ankaran.kp.sik.si\/wp-content\/uploads\/2021\/11\/260822259_4504472316316018_3117762954582692857_n-830x374.jpg 830w, https:\/\/ankaran.kp.sik.si\/wp-content\/uploads\/2021\/11\/260822259_4504472316316018_3117762954582692857_n-940x423.jpg 940w\" sizes=\"(max-width: 1422px) 100vw, 1422px\" \/><\/a>\n\t\t\t<\/div><\/figure><figure class='gallery-item'>\n\t\t\t<div class='gallery-icon landscape'>\n\t\t\t\t<a href='https:\/\/ankaran.kp.sik.si\/it\/2021\/11\/raccolta-scelta-per-giovani-speranze-e-conclusione-della-campagna-di-lettura-primorci-beremo-con-avgust-demsar\/260758620_4504472206316029_8067593861378605013_n-2\/'><img width=\"1422\" height=\"640\" src=\"https:\/\/ankaran.kp.sik.si\/wp-content\/uploads\/2021\/11\/260758620_4504472206316029_8067593861378605013_n.jpg\" class=\"attachment-full size-full\" alt=\"\" loading=\"lazy\" srcset=\"https:\/\/ankaran.kp.sik.si\/wp-content\/uploads\/2021\/11\/260758620_4504472206316029_8067593861378605013_n.jpg 1422w, https:\/\/ankaran.kp.sik.si\/wp-content\/uploads\/2021\/11\/260758620_4504472206316029_8067593861378605013_n-300x135.jpg 300w, https:\/\/ankaran.kp.sik.si\/wp-content\/uploads\/2021\/11\/260758620_4504472206316029_8067593861378605013_n-1024x461.jpg 1024w, https:\/\/ankaran.kp.sik.si\/wp-content\/uploads\/2021\/11\/260758620_4504472206316029_8067593861378605013_n-768x346.jpg 768w, https:\/\/ankaran.kp.sik.si\/wp-content\/uploads\/2021\/11\/260758620_4504472206316029_8067593861378605013_n-830x374.jpg 830w, https:\/\/ankaran.kp.sik.si\/wp-content\/uploads\/2021\/11\/260758620_4504472206316029_8067593861378605013_n-940x423.jpg 940w\" sizes=\"(max-width: 1422px) 100vw, 1422px\" \/><\/a>\n\t\t\t<\/div><\/figure>\n\t\t<\/div>\n\n<p>La collezione libraria, che la Biblioteca di Capodistria ha inserito nell&#8217;Associazione Memory, comprende poco pi\u00f9 di 250 libri, tra i quali gli studenti troveranno letteratura principalmente in lingua slovena e altra letteratura specializzata.<\/p>\n<p>Leggere e promuovere la cultura della lettura \u00e8 estremamente importante per tutti, ma soprattutto per coloro che vogliono arricchire le proprie conoscenze, il proprio vocabolario e costruire un futuro di successo. Leggendo acquisiamo conoscenza, con la conoscenza raggiungiamo il successo, con il successo rafforziamo la fiducia in noi stessi e la consapevolezza che \u00bbpossiamo\u00ab.<\/p>\n<p><strong>La campagna Primorci beremo sar\u00e0 completata dalla partecipazione del giallista August Dem\u0161ar<\/strong><\/p>\n<p>Ogni anno, la Biblioteca Centrale Vilhar di Capodistria aderisce alla campagna di lettura \u00bbPrimorci beremo\u00ab. Siamo estremamente lieti che quest&#8217;anno le biblioteche abbiano superato il numero magico con 1001 lettori, per un totale di 7.148 libri letti di autori sloveni.<\/p>\n<p><img loading=\"lazy\" class=\"alignnone wp-image-9834 size-full\" src=\"https:\/\/www.kp.sik.si\/wp-content\/uploads\/2021\/11\/Avgust_Demsar.jpg\" alt=\"\" width=\"2323\" height=\"1259\" srcset=\"https:\/\/ankaran.kp.sik.si\/wp-content\/uploads\/2021\/11\/Avgust_Demsar.jpg 2323w, https:\/\/ankaran.kp.sik.si\/wp-content\/uploads\/2021\/11\/Avgust_Demsar-300x163.jpg 300w, https:\/\/ankaran.kp.sik.si\/wp-content\/uploads\/2021\/11\/Avgust_Demsar-1024x555.jpg 1024w, https:\/\/ankaran.kp.sik.si\/wp-content\/uploads\/2021\/11\/Avgust_Demsar-768x416.jpg 768w, https:\/\/ankaran.kp.sik.si\/wp-content\/uploads\/2021\/11\/Avgust_Demsar-1536x832.jpg 1536w, https:\/\/ankaran.kp.sik.si\/wp-content\/uploads\/2021\/11\/Avgust_Demsar-2048x1110.jpg 2048w, https:\/\/ankaran.kp.sik.si\/wp-content\/uploads\/2021\/11\/Avgust_Demsar-830x450.jpg 830w, https:\/\/ankaran.kp.sik.si\/wp-content\/uploads\/2021\/11\/Avgust_Demsar-940x509.jpg 940w\" sizes=\"(max-width: 2323px) 100vw, 2323px\" \/><\/p>\n<p>Cos\u00ec, la biblioteca di Capodistria si appresta ad entrare nel mese di dicembre, con un evento conclusivo a completare la campagna con la partecipazione del giallista August Dem\u0161ar. I lettori che si sono uniti alla campagna di lettura hanno potuto leggere il suo romanzo poliziesco intitolato <em>Retrospektiva<\/em>. Il dibattito si terr\u00e0 nell&#8217;atrio della Biblioteca centrale Sre\u010dko Vilhar di Capodistria nella radiosa \u00a0giornata dedicata alla cultura, \u00a0il 3 dicembre 2021, alle ore 19:00.<\/p>\n<p>Coloro che hanno portato a termine con successo la campagna potr\u00e0 ritirare il premio, realizzato in collaborazione con la libreria Libris, presso la biblioteca di Capodistria dal 3 dicembre in poi. A causa dell&#8217;attuale situazione pandemica dovuta al covid, per poter partecipare all&#8217;evento \u00e8 necessario registrarsi. Si accettano prenotazioni fino ad esaurimento posti, all&#8217;indirizzo e-mail <a href=\"mailto:tina.sarazin@knjiznica-koper.si\">tina.sarazin@knjiznica-koper.si<\/a>.<\/p>\n","protected":false},"excerpt":{"rendered":"<p>La Biblioteca centrale Sre\u010dko Vilhar di Capodistria da novembre inizia con i saluti, in occasione della Settimana generale della biblioteca. Si \u00e8 conclusa con successo la campagna Primorci beremo, alla [&hellip;]<\/p>\n","protected":false},"author":7,"featured_media":9828,"comment_status":"open","ping_status":"open","sticky":false,"template":"","format":"standard","meta":[],"categories":[49],"tags":[],"acf":[],"_links":{"self":[{"href":"https:\/\/ankaran.kp.sik.si\/it\/wp-json\/wp\/v2\/posts\/9836"}],"collection":[{"href":"https:\/\/ankaran.kp.sik.si\/it\/wp-json\/wp\/v2\/posts"}],"about":[{"href":"https:\/\/ankaran.kp.sik.si\/it\/wp-json\/wp\/v2\/types\/post"}],"author":[{"embeddable":true,"href":"https:\/\/ankaran.kp.sik.si\/it\/wp-json\/wp\/v2\/users\/7"}],"replies":[{"embeddable":true,"href":"https:\/\/ankaran.kp.sik.si\/it\/wp-json\/wp\/v2\/comments?post=9836"}],"version-history":[{"count":1,"href":"https:\/\/ankaran.kp.sik.si\/it\/wp-json\/wp\/v2\/posts\/9836\/revisions"}],"predecessor-version":[{"id":9837,"href":"https:\/\/ankaran.kp.sik.si\/it\/wp-json\/wp\/v2\/posts\/9836\/revisions\/9837"}],"wp:featuredmedia":[{"embeddable":true,"href":"https:\/\/ankaran.kp.sik.si\/it\/wp-json\/wp\/v2\/media\/9828"}],"wp:attachment":[{"href":"https:\/\/ankaran.kp.sik.si\/it\/wp-json\/wp\/v2\/media?parent=9836"}],"wp:term":[{"taxonomy":"category","embeddable":true,"href":"https:\/\/ankaran.kp.sik.si\/it\/wp-json\/wp\/v2\/categories?post=9836"},{"taxonomy":"post_tag","embeddable":true,"href":"https:\/\/ankaran.kp.sik.si\/it\/wp-json\/wp\/v2\/tags?post=9836"}],"curies":[{"name":"wp","href":"https:\/\/api.w.org\/{rel}","templated":true}]}}